{"id":3132,"date":"2019-05-28T00:45:57","date_gmt":"2019-05-27T22:45:57","guid":{"rendered":"http:\/\/electro-strasbourg.eu\/blog\/?p=3132"},"modified":"2020-01-26T19:44:48","modified_gmt":"2020-01-26T18:44:48","slug":"auditions-semestre-2-premier-jour","status":"publish","type":"post","link":"https:\/\/electro-strasbourg.eu\/blog\/2019\/05\/auditions-semestre-2-premier-jour\/","title":{"rendered":"Auditions semestre 2 &#8211; premier jour"},"content":{"rendered":"<p>Voici quelques photos de la premi\u00e8re de trois s\u00e9ances d&rsquo;audition \u00e9lectroacoustique de la fin de l&rsquo;ann\u00e9e&#8230;<\/p>\n<div class=\"tiled-gallery type-rectangular tiled-gallery-unresized\" data-original-width=\"474\" data-carousel-extra='{&quot;blog_id&quot;:1,&quot;permalink&quot;:&quot;https:\\\/\\\/electro-strasbourg.eu\\\/blog\\\/2019\\\/05\\\/auditions-semestre-2-premier-jour\\\/&quot;,&quot;likes_blog_id&quot;:58232571}' itemscope itemtype=\"http:\/\/schema.org\/ImageGallery\" > <div class=\"gallery-row\" style=\"width: 474px; height: 167px;\" data-original-width=\"474\" data-original-height=\"167\" > <div class=\"gallery-group images-1\" style=\"width: 126px; height: 167px;\" data-original-width=\"126\" data-original-height=\"167\" > <div class=\"tiled-gallery-item tiled-gallery-item-small\" itemprop=\"associatedMedia\" itemscope itemtype=\"http:\/\/schema.org\/ImageObject\"> <a href=\"https:\/\/electro-strasbourg.eu\/blog\/2019\/05\/auditions-semestre-2-premier-jour\/img_9614\/\" border=\"0\" itemprop=\"url\"> <meta itemprop=\"width\" content=\"122\"> <meta itemprop=\"height\" content=\"163\"> <img decoding=\"async\" class=\"\" data-attachment-id=\"3138\" data-orig-file=\"https:\/\/electro-strasbourg.eu\/blog\/wp-content\/uploads\/2019\/05\/IMG_9614.jpeg\" data-orig-size=\"3024,4032\" data-comments-opened=\"\" data-image-meta=\"{&quot;aperture&quot;:&quot;1.8&quot;,&quot;credit&quot;:&quot;&quot;,&quot;camera&quot;:&quot;iPhone 8&quot;,&quot;caption&quot;:&quot;&quot;,&quot;created_timestamp&quot;:&quot;1558981089&quot;,&quot;copyright&quot;:&quot;&quot;,&quot;focal_length&quot;:&quot;3.99&quot;,&quot;iso&quot;:&quot;1000&quot;,&quot;shutter_speed&quot;:&quot;0.25&quot;,&quot;title&quot;:&quot;&quot;,&quot;orientation&quot;:&quot;1&quot;}\" data-image-title=\"IMG_9614\" data-image-description=\"\" data-medium-file=\"https:\/\/i0.wp.com\/electro-strasbourg.eu\/blog\/wp-content\/uploads\/2019\/05\/IMG_9614.jpeg?fit=225%2C300&#038;ssl=1\" data-large-file=\"https:\/\/i0.wp.com\/electro-strasbourg.eu\/blog\/wp-content\/uploads\/2019\/05\/IMG_9614.jpeg?fit=474%2C632&#038;ssl=1\" src=\"https:\/\/i0.wp.com\/electro-strasbourg.eu\/blog\/wp-content\/uploads\/2019\/05\/IMG_9614.jpeg?w=122&#038;h=163&#038;ssl=1\" srcset=\"https:\/\/i0.wp.com\/electro-strasbourg.eu\/blog\/wp-content\/uploads\/2019\/05\/IMG_9614.jpeg?w=3024&amp;ssl=1 3024w, https:\/\/i0.wp.com\/electro-strasbourg.eu\/blog\/wp-content\/uploads\/2019\/05\/IMG_9614.jpeg?resize=225%2C300&amp;ssl=1 225w, https:\/\/i0.wp.com\/electro-strasbourg.eu\/blog\/wp-content\/uploads\/2019\/05\/IMG_9614.jpeg?resize=768%2C1024&amp;ssl=1 768w, https:\/\/i0.wp.com\/electro-strasbourg.eu\/blog\/wp-content\/uploads\/2019\/05\/IMG_9614.jpeg?w=948 948w, https:\/\/i0.wp.com\/electro-strasbourg.eu\/blog\/wp-content\/uploads\/2019\/05\/IMG_9614.jpeg?w=1422 1422w\" width=\"122\" height=\"163\" loading=\"lazy\" data-original-width=\"122\" data-original-height=\"163\" itemprop=\"http:\/\/schema.org\/image\" title=\"IMG_9614\" alt=\"IMG_9614\" style=\"width: 122px; height: 163px;\" \/> <\/a> <\/div> <\/div> <!-- close group --> <div class=\"gallery-group images-1\" style=\"width: 222px; height: 167px;\" data-original-width=\"222\" data-original-height=\"167\" > <div class=\"tiled-gallery-item tiled-gallery-item-small\" itemprop=\"associatedMedia\" itemscope itemtype=\"http:\/\/schema.org\/ImageObject\"> <a href=\"https:\/\/electro-strasbourg.eu\/blog\/2019\/05\/auditions-semestre-2-premier-jour\/img_9606\/\" border=\"0\" itemprop=\"url\"> <meta itemprop=\"width\" content=\"218\"> <meta itemprop=\"height\" content=\"163\"> <img decoding=\"async\" class=\"\" data-attachment-id=\"3136\" data-orig-file=\"https:\/\/electro-strasbourg.eu\/blog\/wp-content\/uploads\/2019\/05\/IMG_9606.jpeg\" data-orig-size=\"4032,3024\" data-comments-opened=\"\" data-image-meta=\"{&quot;aperture&quot;:&quot;1.8&quot;,&quot;credit&quot;:&quot;&quot;,&quot;camera&quot;:&quot;iPhone 8&quot;,&quot;caption&quot;:&quot;&quot;,&quot;created_timestamp&quot;:&quot;1558980360&quot;,&quot;copyright&quot;:&quot;&quot;,&quot;focal_length&quot;:&quot;3.99&quot;,&quot;iso&quot;:&quot;1600&quot;,&quot;shutter_speed&quot;:&quot;0.25&quot;,&quot;title&quot;:&quot;&quot;,&quot;orientation&quot;:&quot;1&quot;}\" data-image-title=\"IMG_9606\" data-image-description=\"\" data-medium-file=\"https:\/\/i0.wp.com\/electro-strasbourg.eu\/blog\/wp-content\/uploads\/2019\/05\/IMG_9606.jpeg?fit=300%2C225&#038;ssl=1\" data-large-file=\"https:\/\/i0.wp.com\/electro-strasbourg.eu\/blog\/wp-content\/uploads\/2019\/05\/IMG_9606.jpeg?fit=474%2C356&#038;ssl=1\" src=\"https:\/\/i0.wp.com\/electro-strasbourg.eu\/blog\/wp-content\/uploads\/2019\/05\/IMG_9606.jpeg?w=218&#038;h=163&#038;ssl=1\" srcset=\"https:\/\/i0.wp.com\/electro-strasbourg.eu\/blog\/wp-content\/uploads\/2019\/05\/IMG_9606.jpeg?w=4032&amp;ssl=1 4032w, https:\/\/i0.wp.com\/electro-strasbourg.eu\/blog\/wp-content\/uploads\/2019\/05\/IMG_9606.jpeg?resize=300%2C225&amp;ssl=1 300w, https:\/\/i0.wp.com\/electro-strasbourg.eu\/blog\/wp-content\/uploads\/2019\/05\/IMG_9606.jpeg?resize=768%2C576&amp;ssl=1 768w, https:\/\/i0.wp.com\/electro-strasbourg.eu\/blog\/wp-content\/uploads\/2019\/05\/IMG_9606.jpeg?resize=1024%2C768&amp;ssl=1 1024w, https:\/\/i0.wp.com\/electro-strasbourg.eu\/blog\/wp-content\/uploads\/2019\/05\/IMG_9606.jpeg?w=948 948w, https:\/\/i0.wp.com\/electro-strasbourg.eu\/blog\/wp-content\/uploads\/2019\/05\/IMG_9606.jpeg?w=1422 1422w\" width=\"218\" height=\"163\" loading=\"lazy\" data-original-width=\"218\" data-original-height=\"163\" itemprop=\"http:\/\/schema.org\/image\" title=\"IMG_9606\" alt=\"IMG_9606\" style=\"width: 218px; height: 163px;\" \/> <\/a> <\/div> <\/div> <!-- close group --> <div class=\"gallery-group images-1\" style=\"width: 126px; height: 167px;\" data-original-width=\"126\" data-original-height=\"167\" > <div class=\"tiled-gallery-item tiled-gallery-item-small\" itemprop=\"associatedMedia\" itemscope itemtype=\"http:\/\/schema.org\/ImageObject\"> <a href=\"https:\/\/electro-strasbourg.eu\/blog\/2019\/05\/auditions-semestre-2-premier-jour\/img_9642\/\" border=\"0\" itemprop=\"url\"> <meta itemprop=\"width\" content=\"122\"> <meta itemprop=\"height\" content=\"163\"> <img decoding=\"async\" class=\"\" data-attachment-id=\"3143\" data-orig-file=\"https:\/\/electro-strasbourg.eu\/blog\/wp-content\/uploads\/2019\/05\/IMG_9642.jpeg\" data-orig-size=\"3024,4032\" data-comments-opened=\"\" data-image-meta=\"{&quot;aperture&quot;:&quot;1.8&quot;,&quot;credit&quot;:&quot;&quot;,&quot;camera&quot;:&quot;iPhone 8&quot;,&quot;caption&quot;:&quot;&quot;,&quot;created_timestamp&quot;:&quot;1558983550&quot;,&quot;copyright&quot;:&quot;&quot;,&quot;focal_length&quot;:&quot;3.99&quot;,&quot;iso&quot;:&quot;320&quot;,&quot;shutter_speed&quot;:&quot;0.25&quot;,&quot;title&quot;:&quot;&quot;,&quot;orientation&quot;:&quot;1&quot;}\" data-image-title=\"IMG_9642\" data-image-description=\"\" data-medium-file=\"https:\/\/i0.wp.com\/electro-strasbourg.eu\/blog\/wp-content\/uploads\/2019\/05\/IMG_9642.jpeg?fit=225%2C300&#038;ssl=1\" data-large-file=\"https:\/\/i0.wp.com\/electro-strasbourg.eu\/blog\/wp-content\/uploads\/2019\/05\/IMG_9642.jpeg?fit=474%2C632&#038;ssl=1\" src=\"https:\/\/i0.wp.com\/electro-strasbourg.eu\/blog\/wp-content\/uploads\/2019\/05\/IMG_9642.jpeg?w=122&#038;h=163&#038;ssl=1\" srcset=\"https:\/\/i0.wp.com\/electro-strasbourg.eu\/blog\/wp-content\/uploads\/2019\/05\/IMG_9642.jpeg?w=3024&amp;ssl=1 3024w, https:\/\/i0.wp.com\/electro-strasbourg.eu\/blog\/wp-content\/uploads\/2019\/05\/IMG_9642.jpeg?resize=225%2C300&amp;ssl=1 225w, https:\/\/i0.wp.com\/electro-strasbourg.eu\/blog\/wp-content\/uploads\/2019\/05\/IMG_9642.jpeg?resize=768%2C1024&amp;ssl=1 768w, https:\/\/i0.wp.com\/electro-strasbourg.eu\/blog\/wp-content\/uploads\/2019\/05\/IMG_9642.jpeg?w=948 948w, https:\/\/i0.wp.com\/electro-strasbourg.eu\/blog\/wp-content\/uploads\/2019\/05\/IMG_9642.jpeg?w=1422 1422w\" width=\"122\" height=\"163\" loading=\"lazy\" data-original-width=\"122\" data-original-height=\"163\" itemprop=\"http:\/\/schema.org\/image\" title=\"IMG_9642\" alt=\"IMG_9642\" style=\"width: 122px; height: 163px;\" \/> <\/a> <\/div> <\/div> <!-- close group --> <\/div> <!-- close row --> <div class=\"gallery-row\" style=\"width: 474px; height: 386px;\" data-original-width=\"474\" data-original-height=\"386\" > <div class=\"gallery-group images-1\" style=\"width: 290px; height: 386px;\" data-original-width=\"290\" data-original-height=\"386\" > <div class=\"tiled-gallery-item tiled-gallery-item-large\" itemprop=\"associatedMedia\" itemscope itemtype=\"http:\/\/schema.org\/ImageObject\"> <a href=\"https:\/\/electro-strasbourg.eu\/blog\/2019\/05\/auditions-semestre-2-premier-jour\/img_9629\/\" border=\"0\" itemprop=\"url\"> <meta itemprop=\"width\" content=\"286\"> <meta itemprop=\"height\" content=\"382\"> <img decoding=\"async\" class=\"\" data-attachment-id=\"3141\" data-orig-file=\"https:\/\/electro-strasbourg.eu\/blog\/wp-content\/uploads\/2019\/05\/IMG_9629.jpeg\" data-orig-size=\"3024,4032\" data-comments-opened=\"\" data-image-meta=\"{&quot;aperture&quot;:&quot;1.8&quot;,&quot;credit&quot;:&quot;&quot;,&quot;camera&quot;:&quot;iPhone 8&quot;,&quot;caption&quot;:&quot;&quot;,&quot;created_timestamp&quot;:&quot;1558982393&quot;,&quot;copyright&quot;:&quot;&quot;,&quot;focal_length&quot;:&quot;3.99&quot;,&quot;iso&quot;:&quot;800&quot;,&quot;shutter_speed&quot;:&quot;0.25&quot;,&quot;title&quot;:&quot;&quot;,&quot;orientation&quot;:&quot;1&quot;}\" data-image-title=\"IMG_9629\" data-image-description=\"\" data-medium-file=\"https:\/\/i0.wp.com\/electro-strasbourg.eu\/blog\/wp-content\/uploads\/2019\/05\/IMG_9629.jpeg?fit=225%2C300&#038;ssl=1\" data-large-file=\"https:\/\/i0.wp.com\/electro-strasbourg.eu\/blog\/wp-content\/uploads\/2019\/05\/IMG_9629.jpeg?fit=474%2C632&#038;ssl=1\" src=\"https:\/\/i0.wp.com\/electro-strasbourg.eu\/blog\/wp-content\/uploads\/2019\/05\/IMG_9629.jpeg?w=286&#038;h=382&#038;ssl=1\" srcset=\"https:\/\/i0.wp.com\/electro-strasbourg.eu\/blog\/wp-content\/uploads\/2019\/05\/IMG_9629.jpeg?w=3024&amp;ssl=1 3024w, https:\/\/i0.wp.com\/electro-strasbourg.eu\/blog\/wp-content\/uploads\/2019\/05\/IMG_9629.jpeg?resize=225%2C300&amp;ssl=1 225w, https:\/\/i0.wp.com\/electro-strasbourg.eu\/blog\/wp-content\/uploads\/2019\/05\/IMG_9629.jpeg?resize=768%2C1024&amp;ssl=1 768w, https:\/\/i0.wp.com\/electro-strasbourg.eu\/blog\/wp-content\/uploads\/2019\/05\/IMG_9629.jpeg?w=948 948w, https:\/\/i0.wp.com\/electro-strasbourg.eu\/blog\/wp-content\/uploads\/2019\/05\/IMG_9629.jpeg?w=1422 1422w\" width=\"286\" height=\"382\" loading=\"lazy\" data-original-width=\"286\" data-original-height=\"382\" itemprop=\"http:\/\/schema.org\/image\" title=\"IMG_9629\" alt=\"IMG_9629\" style=\"width: 286px; height: 382px;\" \/> <\/a> <\/div> <\/div> <!-- close group --> <div class=\"gallery-group images-3\" style=\"width: 184px; height: 386px;\" data-original-width=\"184\" data-original-height=\"386\" > <div class=\"tiled-gallery-item tiled-gallery-item-small\" itemprop=\"associatedMedia\" itemscope itemtype=\"http:\/\/schema.org\/ImageObject\"> <a href=\"https:\/\/electro-strasbourg.eu\/blog\/2019\/05\/auditions-semestre-2-premier-jour\/dsc_0131\/\" border=\"0\" itemprop=\"url\"> <meta itemprop=\"width\" content=\"180\"> <meta itemprop=\"height\" content=\"120\"> <img decoding=\"async\" class=\"\" data-attachment-id=\"3133\" data-orig-file=\"https:\/\/electro-strasbourg.eu\/blog\/wp-content\/uploads\/2019\/05\/DSC_0131.jpg\" data-orig-size=\"6000,4000\" data-comments-opened=\"\" data-image-meta=\"{&quot;aperture&quot;:&quot;5&quot;,&quot;credit&quot;:&quot;&quot;,&quot;camera&quot;:&quot;NIKON D5200&quot;,&quot;caption&quot;:&quot;&quot;,&quot;created_timestamp&quot;:&quot;1558985626&quot;,&quot;copyright&quot;:&quot;&quot;,&quot;focal_length&quot;:&quot;50&quot;,&quot;iso&quot;:&quot;3200&quot;,&quot;shutter_speed&quot;:&quot;0.04&quot;,&quot;title&quot;:&quot;&quot;,&quot;orientation&quot;:&quot;1&quot;}\" data-image-title=\"DSC_0131\" data-image-description=\"\" data-medium-file=\"https:\/\/i0.wp.com\/electro-strasbourg.eu\/blog\/wp-content\/uploads\/2019\/05\/DSC_0131.jpg?fit=300%2C200&#038;ssl=1\" data-large-file=\"https:\/\/i0.wp.com\/electro-strasbourg.eu\/blog\/wp-content\/uploads\/2019\/05\/DSC_0131.jpg?fit=474%2C316&#038;ssl=1\" src=\"https:\/\/i0.wp.com\/electro-strasbourg.eu\/blog\/wp-content\/uploads\/2019\/05\/DSC_0131.jpg?w=180&#038;h=120&#038;ssl=1\" srcset=\"https:\/\/i0.wp.com\/electro-strasbourg.eu\/blog\/wp-content\/uploads\/2019\/05\/DSC_0131.jpg?w=6000&amp;ssl=1 6000w, https:\/\/i0.wp.com\/electro-strasbourg.eu\/blog\/wp-content\/uploads\/2019\/05\/DSC_0131.jpg?resize=300%2C200&amp;ssl=1 300w, https:\/\/i0.wp.com\/electro-strasbourg.eu\/blog\/wp-content\/uploads\/2019\/05\/DSC_0131.jpg?resize=768%2C512&amp;ssl=1 768w, https:\/\/i0.wp.com\/electro-strasbourg.eu\/blog\/wp-content\/uploads\/2019\/05\/DSC_0131.jpg?resize=1024%2C683&amp;ssl=1 1024w, https:\/\/i0.wp.com\/electro-strasbourg.eu\/blog\/wp-content\/uploads\/2019\/05\/DSC_0131.jpg?w=948 948w, https:\/\/i0.wp.com\/electro-strasbourg.eu\/blog\/wp-content\/uploads\/2019\/05\/DSC_0131.jpg?w=1422 1422w\" width=\"180\" height=\"120\" loading=\"lazy\" data-original-width=\"180\" data-original-height=\"120\" itemprop=\"http:\/\/schema.org\/image\" title=\"DSC_0131\" alt=\"DSC_0131\" style=\"width: 180px; height: 120px;\" \/> <\/a> <\/div> <div class=\"tiled-gallery-item tiled-gallery-item-small\" itemprop=\"associatedMedia\" itemscope itemtype=\"http:\/\/schema.org\/ImageObject\"> <a href=\"https:\/\/electro-strasbourg.eu\/blog\/2019\/05\/auditions-semestre-2-premier-jour\/img_9616\/\" border=\"0\" itemprop=\"url\"> <meta itemprop=\"width\" content=\"180\"> <meta itemprop=\"height\" content=\"134\"> <img decoding=\"async\" class=\"\" data-attachment-id=\"3139\" data-orig-file=\"https:\/\/electro-strasbourg.eu\/blog\/wp-content\/uploads\/2019\/05\/IMG_9616.jpeg\" data-orig-size=\"4032,3024\" data-comments-opened=\"\" data-image-meta=\"{&quot;aperture&quot;:&quot;1.8&quot;,&quot;credit&quot;:&quot;&quot;,&quot;camera&quot;:&quot;iPhone 8&quot;,&quot;caption&quot;:&quot;&quot;,&quot;created_timestamp&quot;:&quot;1558981118&quot;,&quot;copyright&quot;:&quot;&quot;,&quot;focal_length&quot;:&quot;3.99&quot;,&quot;iso&quot;:&quot;1600&quot;,&quot;shutter_speed&quot;:&quot;0.25&quot;,&quot;title&quot;:&quot;&quot;,&quot;orientation&quot;:&quot;1&quot;}\" data-image-title=\"IMG_9616\" data-image-description=\"\" data-medium-file=\"https:\/\/i0.wp.com\/electro-strasbourg.eu\/blog\/wp-content\/uploads\/2019\/05\/IMG_9616.jpeg?fit=300%2C225&#038;ssl=1\" data-large-file=\"https:\/\/i0.wp.com\/electro-strasbourg.eu\/blog\/wp-content\/uploads\/2019\/05\/IMG_9616.jpeg?fit=474%2C356&#038;ssl=1\" src=\"https:\/\/i0.wp.com\/electro-strasbourg.eu\/blog\/wp-content\/uploads\/2019\/05\/IMG_9616.jpeg?w=180&#038;h=134&#038;ssl=1\" srcset=\"https:\/\/i0.wp.com\/electro-strasbourg.eu\/blog\/wp-content\/uploads\/2019\/05\/IMG_9616.jpeg?w=4032&amp;ssl=1 4032w, https:\/\/i0.wp.com\/electro-strasbourg.eu\/blog\/wp-content\/uploads\/2019\/05\/IMG_9616.jpeg?resize=300%2C225&amp;ssl=1 300w, https:\/\/i0.wp.com\/electro-strasbourg.eu\/blog\/wp-content\/uploads\/2019\/05\/IMG_9616.jpeg?resize=768%2C576&amp;ssl=1 768w, https:\/\/i0.wp.com\/electro-strasbourg.eu\/blog\/wp-content\/uploads\/2019\/05\/IMG_9616.jpeg?resize=1024%2C768&amp;ssl=1 1024w, https:\/\/i0.wp.com\/electro-strasbourg.eu\/blog\/wp-content\/uploads\/2019\/05\/IMG_9616.jpeg?w=948 948w, https:\/\/i0.wp.com\/electro-strasbourg.eu\/blog\/wp-content\/uploads\/2019\/05\/IMG_9616.jpeg?w=1422 1422w\" width=\"180\" height=\"134\" loading=\"lazy\" data-original-width=\"180\" data-original-height=\"134\" itemprop=\"http:\/\/schema.org\/image\" title=\"IMG_9616\" alt=\"IMG_9616\" style=\"width: 180px; height: 134px;\" \/> <\/a> <\/div> <div class=\"tiled-gallery-item tiled-gallery-item-small\" itemprop=\"associatedMedia\" itemscope itemtype=\"http:\/\/schema.org\/ImageObject\"> <a href=\"https:\/\/electro-strasbourg.eu\/blog\/2019\/05\/auditions-semestre-2-premier-jour\/dsc_0134\/\" border=\"0\" itemprop=\"url\"> <meta itemprop=\"width\" content=\"180\"> <meta itemprop=\"height\" content=\"120\"> <img decoding=\"async\" class=\"\" data-attachment-id=\"3134\" data-orig-file=\"https:\/\/electro-strasbourg.eu\/blog\/wp-content\/uploads\/2019\/05\/DSC_0134.jpg\" data-orig-size=\"6000,4000\" data-comments-opened=\"\" data-image-meta=\"{&quot;aperture&quot;:&quot;5.6&quot;,&quot;credit&quot;:&quot;&quot;,&quot;camera&quot;:&quot;NIKON D5200&quot;,&quot;caption&quot;:&quot;&quot;,&quot;created_timestamp&quot;:&quot;1558985666&quot;,&quot;copyright&quot;:&quot;&quot;,&quot;focal_length&quot;:&quot;105&quot;,&quot;iso&quot;:&quot;3200&quot;,&quot;shutter_speed&quot;:&quot;0.04&quot;,&quot;title&quot;:&quot;&quot;,&quot;orientation&quot;:&quot;1&quot;}\" data-image-title=\"DSC_0134\" data-image-description=\"\" data-medium-file=\"https:\/\/i0.wp.com\/electro-strasbourg.eu\/blog\/wp-content\/uploads\/2019\/05\/DSC_0134.jpg?fit=300%2C200&#038;ssl=1\" data-large-file=\"https:\/\/i0.wp.com\/electro-strasbourg.eu\/blog\/wp-content\/uploads\/2019\/05\/DSC_0134.jpg?fit=474%2C316&#038;ssl=1\" src=\"https:\/\/i0.wp.com\/electro-strasbourg.eu\/blog\/wp-content\/uploads\/2019\/05\/DSC_0134.jpg?w=180&#038;h=120&#038;ssl=1\" srcset=\"https:\/\/i0.wp.com\/electro-strasbourg.eu\/blog\/wp-content\/uploads\/2019\/05\/DSC_0134.jpg?w=6000&amp;ssl=1 6000w, https:\/\/i0.wp.com\/electro-strasbourg.eu\/blog\/wp-content\/uploads\/2019\/05\/DSC_0134.jpg?resize=300%2C200&amp;ssl=1 300w, https:\/\/i0.wp.com\/electro-strasbourg.eu\/blog\/wp-content\/uploads\/2019\/05\/DSC_0134.jpg?resize=768%2C512&amp;ssl=1 768w, https:\/\/i0.wp.com\/electro-strasbourg.eu\/blog\/wp-content\/uploads\/2019\/05\/DSC_0134.jpg?resize=1024%2C683&amp;ssl=1 1024w, https:\/\/i0.wp.com\/electro-strasbourg.eu\/blog\/wp-content\/uploads\/2019\/05\/DSC_0134.jpg?w=948 948w, https:\/\/i0.wp.com\/electro-strasbourg.eu\/blog\/wp-content\/uploads\/2019\/05\/DSC_0134.jpg?w=1422 1422w\" width=\"180\" height=\"120\" loading=\"lazy\" data-original-width=\"180\" data-original-height=\"120\" itemprop=\"http:\/\/schema.org\/image\" title=\"DSC_0134\" alt=\"DSC_0134\" style=\"width: 180px; height: 120px;\" \/> <\/a> <\/div> <\/div> <!-- close group --> <\/div> <!-- close row --> <div class=\"gallery-row\" style=\"width: 474px; height: 333px;\" data-original-width=\"474\" data-original-height=\"333\" > <div class=\"gallery-group images-1\" style=\"width: 251px; height: 333px;\" data-original-width=\"251\" data-original-height=\"333\" > <div class=\"tiled-gallery-item tiled-gallery-item-small\" itemprop=\"associatedMedia\" itemscope itemtype=\"http:\/\/schema.org\/ImageObject\"> <a href=\"https:\/\/electro-strasbourg.eu\/blog\/2019\/05\/auditions-semestre-2-premier-jour\/img_9637\/\" border=\"0\" itemprop=\"url\"> <meta itemprop=\"width\" content=\"247\"> <meta itemprop=\"height\" content=\"329\"> <img decoding=\"async\" class=\"\" data-attachment-id=\"3142\" data-orig-file=\"https:\/\/electro-strasbourg.eu\/blog\/wp-content\/uploads\/2019\/05\/IMG_9637.jpeg\" data-orig-size=\"3024,4032\" data-comments-opened=\"\" data-image-meta=\"{&quot;aperture&quot;:&quot;1.8&quot;,&quot;credit&quot;:&quot;&quot;,&quot;camera&quot;:&quot;iPhone 8&quot;,&quot;caption&quot;:&quot;&quot;,&quot;created_timestamp&quot;:&quot;1558983255&quot;,&quot;copyright&quot;:&quot;&quot;,&quot;focal_length&quot;:&quot;3.99&quot;,&quot;iso&quot;:&quot;1000&quot;,&quot;shutter_speed&quot;:&quot;0.25&quot;,&quot;title&quot;:&quot;&quot;,&quot;orientation&quot;:&quot;1&quot;}\" data-image-title=\"IMG_9637\" data-image-description=\"\" data-medium-file=\"https:\/\/i0.wp.com\/electro-strasbourg.eu\/blog\/wp-content\/uploads\/2019\/05\/IMG_9637.jpeg?fit=225%2C300&#038;ssl=1\" data-large-file=\"https:\/\/i0.wp.com\/electro-strasbourg.eu\/blog\/wp-content\/uploads\/2019\/05\/IMG_9637.jpeg?fit=474%2C632&#038;ssl=1\" src=\"https:\/\/i0.wp.com\/electro-strasbourg.eu\/blog\/wp-content\/uploads\/2019\/05\/IMG_9637.jpeg?w=247&#038;h=329&#038;ssl=1\" srcset=\"https:\/\/i0.wp.com\/electro-strasbourg.eu\/blog\/wp-content\/uploads\/2019\/05\/IMG_9637.jpeg?w=3024&amp;ssl=1 3024w, https:\/\/i0.wp.com\/electro-strasbourg.eu\/blog\/wp-content\/uploads\/2019\/05\/IMG_9637.jpeg?resize=225%2C300&amp;ssl=1 225w, https:\/\/i0.wp.com\/electro-strasbourg.eu\/blog\/wp-content\/uploads\/2019\/05\/IMG_9637.jpeg?resize=768%2C1024&amp;ssl=1 768w, https:\/\/i0.wp.com\/electro-strasbourg.eu\/blog\/wp-content\/uploads\/2019\/05\/IMG_9637.jpeg?w=948 948w, https:\/\/i0.wp.com\/electro-strasbourg.eu\/blog\/wp-content\/uploads\/2019\/05\/IMG_9637.jpeg?w=1422 1422w\" width=\"247\" height=\"329\" loading=\"lazy\" data-original-width=\"247\" data-original-height=\"329\" itemprop=\"http:\/\/schema.org\/image\" title=\"IMG_9637\" alt=\"IMG_9637\" style=\"width: 247px; height: 329px;\" \/> <\/a> <\/div> <\/div> <!-- close group --> <div class=\"gallery-group images-1\" style=\"width: 223px; height: 333px;\" data-original-width=\"223\" data-original-height=\"333\" > <div class=\"tiled-gallery-item tiled-gallery-item-small\" itemprop=\"associatedMedia\" itemscope itemtype=\"http:\/\/schema.org\/ImageObject\"> <a href=\"https:\/\/electro-strasbourg.eu\/blog\/2019\/05\/auditions-semestre-2-premier-jour\/dsc_0136\/\" border=\"0\" itemprop=\"url\"> <meta itemprop=\"width\" content=\"219\"> <meta itemprop=\"height\" content=\"329\"> <img decoding=\"async\" class=\"\" data-attachment-id=\"3135\" data-orig-file=\"https:\/\/electro-strasbourg.eu\/blog\/wp-content\/uploads\/2019\/05\/DSC_0136-e1558997144531.jpg\" data-orig-size=\"4000,6000\" data-comments-opened=\"\" data-image-meta=\"{&quot;aperture&quot;:&quot;5.6&quot;,&quot;credit&quot;:&quot;&quot;,&quot;camera&quot;:&quot;NIKON D5200&quot;,&quot;caption&quot;:&quot;&quot;,&quot;created_timestamp&quot;:&quot;1558986820&quot;,&quot;copyright&quot;:&quot;&quot;,&quot;focal_length&quot;:&quot;105&quot;,&quot;iso&quot;:&quot;3200&quot;,&quot;shutter_speed&quot;:&quot;0.076923076923077&quot;,&quot;title&quot;:&quot;&quot;,&quot;orientation&quot;:&quot;8&quot;}\" data-image-title=\"DSC_0136\" data-image-description=\"\" data-medium-file=\"https:\/\/i0.wp.com\/electro-strasbourg.eu\/blog\/wp-content\/uploads\/2019\/05\/DSC_0136-e1558997144531.jpg?fit=200%2C300&#038;ssl=1\" data-large-file=\"https:\/\/i0.wp.com\/electro-strasbourg.eu\/blog\/wp-content\/uploads\/2019\/05\/DSC_0136-e1558997144531.jpg?fit=474%2C711&#038;ssl=1\" src=\"https:\/\/i0.wp.com\/electro-strasbourg.eu\/blog\/wp-content\/uploads\/2019\/05\/DSC_0136-e1558997144531.jpg?w=219&#038;h=329&#038;ssl=1\" srcset=\"https:\/\/i0.wp.com\/electro-strasbourg.eu\/blog\/wp-content\/uploads\/2019\/05\/DSC_0136-e1558997144531.jpg?w=4000&amp;ssl=1 4000w, https:\/\/i0.wp.com\/electro-strasbourg.eu\/blog\/wp-content\/uploads\/2019\/05\/DSC_0136-e1558997144531.jpg?resize=200%2C300&amp;ssl=1 200w, https:\/\/i0.wp.com\/electro-strasbourg.eu\/blog\/wp-content\/uploads\/2019\/05\/DSC_0136-e1558997144531.jpg?resize=768%2C1152&amp;ssl=1 768w, https:\/\/i0.wp.com\/electro-strasbourg.eu\/blog\/wp-content\/uploads\/2019\/05\/DSC_0136-e1558997144531.jpg?resize=683%2C1024&amp;ssl=1 683w, https:\/\/i0.wp.com\/electro-strasbourg.eu\/blog\/wp-content\/uploads\/2019\/05\/DSC_0136-e1558997144531.jpg?w=948 948w, https:\/\/i0.wp.com\/electro-strasbourg.eu\/blog\/wp-content\/uploads\/2019\/05\/DSC_0136-e1558997144531.jpg?w=1422 1422w\" width=\"219\" height=\"329\" loading=\"lazy\" data-original-width=\"219\" data-original-height=\"329\" itemprop=\"http:\/\/schema.org\/image\" title=\"DSC_0136\" alt=\"DSC_0136\" style=\"width: 219px; height: 329px;\" \/> <\/a> <\/div> <\/div> <!-- close group --> <\/div> <!-- close row --> <div class=\"gallery-row\" style=\"width: 474px; height: 315px;\" data-original-width=\"474\" data-original-height=\"315\" > <div class=\"gallery-group images-1\" style=\"width: 237px; height: 315px;\" data-original-width=\"237\" data-original-height=\"315\" > <div class=\"tiled-gallery-item tiled-gallery-item-small\" itemprop=\"associatedMedia\" itemscope itemtype=\"http:\/\/schema.org\/ImageObject\"> <a href=\"https:\/\/electro-strasbourg.eu\/blog\/2019\/05\/auditions-semestre-2-premier-jour\/img_9623\/\" border=\"0\" itemprop=\"url\"> <meta itemprop=\"width\" content=\"233\"> <meta itemprop=\"height\" content=\"311\"> <img decoding=\"async\" class=\"\" data-attachment-id=\"3140\" data-orig-file=\"https:\/\/electro-strasbourg.eu\/blog\/wp-content\/uploads\/2019\/05\/IMG_9623.jpeg\" data-orig-size=\"3024,4032\" data-comments-opened=\"\" data-image-meta=\"{&quot;aperture&quot;:&quot;1.8&quot;,&quot;credit&quot;:&quot;&quot;,&quot;camera&quot;:&quot;iPhone 8&quot;,&quot;caption&quot;:&quot;&quot;,&quot;created_timestamp&quot;:&quot;1558982090&quot;,&quot;copyright&quot;:&quot;&quot;,&quot;focal_length&quot;:&quot;3.99&quot;,&quot;iso&quot;:&quot;800&quot;,&quot;shutter_speed&quot;:&quot;0.25&quot;,&quot;title&quot;:&quot;&quot;,&quot;orientation&quot;:&quot;1&quot;}\" data-image-title=\"IMG_9623\" data-image-description=\"\" data-medium-file=\"https:\/\/i0.wp.com\/electro-strasbourg.eu\/blog\/wp-content\/uploads\/2019\/05\/IMG_9623.jpeg?fit=225%2C300&#038;ssl=1\" data-large-file=\"https:\/\/i0.wp.com\/electro-strasbourg.eu\/blog\/wp-content\/uploads\/2019\/05\/IMG_9623.jpeg?fit=474%2C632&#038;ssl=1\" src=\"https:\/\/i0.wp.com\/electro-strasbourg.eu\/blog\/wp-content\/uploads\/2019\/05\/IMG_9623.jpeg?w=233&#038;h=311&#038;ssl=1\" srcset=\"https:\/\/i0.wp.com\/electro-strasbourg.eu\/blog\/wp-content\/uploads\/2019\/05\/IMG_9623.jpeg?w=3024&amp;ssl=1 3024w, https:\/\/i0.wp.com\/electro-strasbourg.eu\/blog\/wp-content\/uploads\/2019\/05\/IMG_9623.jpeg?resize=225%2C300&amp;ssl=1 225w, https:\/\/i0.wp.com\/electro-strasbourg.eu\/blog\/wp-content\/uploads\/2019\/05\/IMG_9623.jpeg?resize=768%2C1024&amp;ssl=1 768w, https:\/\/i0.wp.com\/electro-strasbourg.eu\/blog\/wp-content\/uploads\/2019\/05\/IMG_9623.jpeg?w=948 948w, https:\/\/i0.wp.com\/electro-strasbourg.eu\/blog\/wp-content\/uploads\/2019\/05\/IMG_9623.jpeg?w=1422 1422w\" width=\"233\" height=\"311\" loading=\"lazy\" data-original-width=\"233\" data-original-height=\"311\" itemprop=\"http:\/\/schema.org\/image\" title=\"IMG_9623\" alt=\"IMG_9623\" style=\"width: 233px; height: 311px;\" \/> <\/a> <\/div> <\/div> <!-- close group --> <div class=\"gallery-group images-1\" style=\"width: 237px; height: 315px;\" data-original-width=\"237\" data-original-height=\"315\" > <div class=\"tiled-gallery-item tiled-gallery-item-small\" itemprop=\"associatedMedia\" itemscope itemtype=\"http:\/\/schema.org\/ImageObject\"> <a href=\"https:\/\/electro-strasbourg.eu\/blog\/2019\/05\/auditions-semestre-2-premier-jour\/img_9609\/\" border=\"0\" itemprop=\"url\"> <meta itemprop=\"width\" content=\"233\"> <meta itemprop=\"height\" content=\"311\"> <img decoding=\"async\" class=\"\" data-attachment-id=\"3137\" data-orig-file=\"https:\/\/electro-strasbourg.eu\/blog\/wp-content\/uploads\/2019\/05\/IMG_9609.jpeg\" data-orig-size=\"3024,4032\" data-comments-opened=\"\" data-image-meta=\"{&quot;aperture&quot;:&quot;1.8&quot;,&quot;credit&quot;:&quot;&quot;,&quot;camera&quot;:&quot;iPhone 8&quot;,&quot;caption&quot;:&quot;&quot;,&quot;created_timestamp&quot;:&quot;1558980389&quot;,&quot;copyright&quot;:&quot;&quot;,&quot;focal_length&quot;:&quot;3.99&quot;,&quot;iso&quot;:&quot;500&quot;,&quot;shutter_speed&quot;:&quot;0.25&quot;,&quot;title&quot;:&quot;&quot;,&quot;orientation&quot;:&quot;1&quot;}\" data-image-title=\"IMG_9609\" data-image-description=\"\" data-medium-file=\"https:\/\/i0.wp.com\/electro-strasbourg.eu\/blog\/wp-content\/uploads\/2019\/05\/IMG_9609.jpeg?fit=225%2C300&#038;ssl=1\" data-large-file=\"https:\/\/i0.wp.com\/electro-strasbourg.eu\/blog\/wp-content\/uploads\/2019\/05\/IMG_9609.jpeg?fit=474%2C632&#038;ssl=1\" src=\"https:\/\/i0.wp.com\/electro-strasbourg.eu\/blog\/wp-content\/uploads\/2019\/05\/IMG_9609.jpeg?w=233&#038;h=311&#038;ssl=1\" srcset=\"https:\/\/i0.wp.com\/electro-strasbourg.eu\/blog\/wp-content\/uploads\/2019\/05\/IMG_9609.jpeg?w=3024&amp;ssl=1 3024w, https:\/\/i0.wp.com\/electro-strasbourg.eu\/blog\/wp-content\/uploads\/2019\/05\/IMG_9609.jpeg?resize=225%2C300&amp;ssl=1 225w, https:\/\/i0.wp.com\/electro-strasbourg.eu\/blog\/wp-content\/uploads\/2019\/05\/IMG_9609.jpeg?resize=768%2C1024&amp;ssl=1 768w, https:\/\/i0.wp.com\/electro-strasbourg.eu\/blog\/wp-content\/uploads\/2019\/05\/IMG_9609.jpeg?w=948 948w, https:\/\/i0.wp.com\/electro-strasbourg.eu\/blog\/wp-content\/uploads\/2019\/05\/IMG_9609.jpeg?w=1422 1422w\" width=\"233\" height=\"311\" loading=\"lazy\" data-original-width=\"233\" data-original-height=\"311\" itemprop=\"http:\/\/schema.org\/image\" title=\"IMG_9609\" alt=\"IMG_9609\" style=\"width: 233px; height: 311px;\" \/> <\/a> <\/div> <\/div> <!-- close group --> <\/div> <!-- close row --> <div class=\"gallery-row\" style=\"width: 474px; height: 631px;\" data-original-width=\"474\" data-original-height=\"631\" > <div class=\"gallery-group images-1\" style=\"width: 474px; height: 631px;\" data-original-width=\"474\" data-original-height=\"631\" > <div class=\"tiled-gallery-item tiled-gallery-item-large\" itemprop=\"associatedMedia\" itemscope itemtype=\"http:\/\/schema.org\/ImageObject\"> <a href=\"https:\/\/electro-strasbourg.eu\/blog\/2019\/05\/auditions-semestre-2-premier-jour\/img_9645\/\" border=\"0\" itemprop=\"url\"> <meta itemprop=\"width\" content=\"470\"> <meta itemprop=\"height\" content=\"627\"> <img decoding=\"async\" class=\"\" data-attachment-id=\"3144\" data-orig-file=\"https:\/\/electro-strasbourg.eu\/blog\/wp-content\/uploads\/2019\/05\/IMG_9645.jpeg\" data-orig-size=\"3024,4032\" data-comments-opened=\"\" data-image-meta=\"{&quot;aperture&quot;:&quot;1.8&quot;,&quot;credit&quot;:&quot;&quot;,&quot;camera&quot;:&quot;iPhone 8&quot;,&quot;caption&quot;:&quot;&quot;,&quot;created_timestamp&quot;:&quot;1558983623&quot;,&quot;copyright&quot;:&quot;&quot;,&quot;focal_length&quot;:&quot;3.99&quot;,&quot;iso&quot;:&quot;400&quot;,&quot;shutter_speed&quot;:&quot;0.25&quot;,&quot;title&quot;:&quot;&quot;,&quot;orientation&quot;:&quot;1&quot;}\" data-image-title=\"IMG_9645\" data-image-description=\"\" data-medium-file=\"https:\/\/i0.wp.com\/electro-strasbourg.eu\/blog\/wp-content\/uploads\/2019\/05\/IMG_9645.jpeg?fit=225%2C300&#038;ssl=1\" data-large-file=\"https:\/\/i0.wp.com\/electro-strasbourg.eu\/blog\/wp-content\/uploads\/2019\/05\/IMG_9645.jpeg?fit=474%2C632&#038;ssl=1\" src=\"https:\/\/i0.wp.com\/electro-strasbourg.eu\/blog\/wp-content\/uploads\/2019\/05\/IMG_9645.jpeg?w=470&#038;h=627&#038;ssl=1\" srcset=\"https:\/\/i0.wp.com\/electro-strasbourg.eu\/blog\/wp-content\/uploads\/2019\/05\/IMG_9645.jpeg?w=3024&amp;ssl=1 3024w, https:\/\/i0.wp.com\/electro-strasbourg.eu\/blog\/wp-content\/uploads\/2019\/05\/IMG_9645.jpeg?resize=225%2C300&amp;ssl=1 225w, https:\/\/i0.wp.com\/electro-strasbourg.eu\/blog\/wp-content\/uploads\/2019\/05\/IMG_9645.jpeg?resize=768%2C1024&amp;ssl=1 768w, https:\/\/i0.wp.com\/electro-strasbourg.eu\/blog\/wp-content\/uploads\/2019\/05\/IMG_9645.jpeg?w=948 948w, https:\/\/i0.wp.com\/electro-strasbourg.eu\/blog\/wp-content\/uploads\/2019\/05\/IMG_9645.jpeg?w=1422 1422w\" width=\"470\" height=\"627\" loading=\"lazy\" data-original-width=\"470\" data-original-height=\"627\" itemprop=\"http:\/\/schema.org\/image\" title=\"IMG_9645\" alt=\"IMG_9645\" style=\"width: 470px; height: 627px;\" \/> <\/a> <\/div> <\/div> <!-- close group --> <\/div> <!-- close row --> <\/div>\n","protected":false},"excerpt":{"rendered":"<p>Voici quelques photos de la premi\u00e8re de trois s\u00e9ances d&rsquo;audition \u00e9lectroacoustique de la fin de l&rsquo;ann\u00e9e&#8230;<\/p>\n","protected":false},"author":1,"featured_media":3147,"comment_status":"closed","ping_status":"closed","sticky":false,"template":"","format":"image","meta":{"jetpack_post_was_ever_published":false,"_jetpack_newsletter_access":"","_jetpack_dont_email_post_to_subs":false,"_jetpack_newsletter_tier_id":0,"_jetpack_memberships_contains_paywalled_content":false,"_jetpack_memberships_contains_paid_content":false,"footnotes":"","jetpack_publicize_message":"","jetpack_publicize_feature_enabled":true,"jetpack_social_post_already_shared":true,"jetpack_social_options":{"image_generator_settings":{"template":"highway","default_image_id":0,"font":"","enabled":false},"version":2}},"categories":[40],"tags":[49,30,50,57],"class_list":["post-3132","post","type-post","status-publish","format-image","has-post-thumbnail","hentry","category-electro","tag-acousmatique","tag-electroacoustique","tag-live-electronique","tag-mixte","post_format-post-format-image"],"jetpack_publicize_connections":[],"jetpack_featured_media_url":"https:\/\/i0.wp.com\/electro-strasbourg.eu\/blog\/wp-content\/uploads\/2019\/05\/DSC_0131-header2.jpg?fit=1040%2C337&ssl=1","jetpack_shortlink":"https:\/\/wp.me\/p3WkX1-Ow","jetpack_sharing_enabled":true,"_links":{"self":[{"href":"https:\/\/electro-strasbourg.eu\/blog\/wp-json\/wp\/v2\/posts\/3132","targetHints":{"allow":["GET"]}}],"collection":[{"href":"https:\/\/electro-strasbourg.eu\/blog\/wp-json\/wp\/v2\/posts"}],"about":[{"href":"https:\/\/electro-strasbourg.eu\/blog\/wp-json\/wp\/v2\/types\/post"}],"author":[{"embeddable":true,"href":"https:\/\/electro-strasbourg.eu\/blog\/wp-json\/wp\/v2\/users\/1"}],"replies":[{"embeddable":true,"href":"https:\/\/electro-strasbourg.eu\/blog\/wp-json\/wp\/v2\/comments?post=3132"}],"version-history":[{"count":1,"href":"https:\/\/electro-strasbourg.eu\/blog\/wp-json\/wp\/v2\/posts\/3132\/revisions"}],"predecessor-version":[{"id":3145,"href":"https:\/\/electro-strasbourg.eu\/blog\/wp-json\/wp\/v2\/posts\/3132\/revisions\/3145"}],"wp:featuredmedia":[{"embeddable":true,"href":"https:\/\/electro-strasbourg.eu\/blog\/wp-json\/wp\/v2\/media\/3147"}],"wp:attachment":[{"href":"https:\/\/electro-strasbourg.eu\/blog\/wp-json\/wp\/v2\/media?parent=3132"}],"wp:term":[{"taxonomy":"category","embeddable":true,"href":"https:\/\/electro-strasbourg.eu\/blog\/wp-json\/wp\/v2\/categories?post=3132"},{"taxonomy":"post_tag","embeddable":true,"href":"https:\/\/electro-strasbourg.eu\/blog\/wp-json\/wp\/v2\/tags?post=3132"}],"curies":[{"name":"wp","href":"https:\/\/api.w.org\/{rel}","templated":true}]}}