{"id":4784,"date":"2023-05-01T14:07:21","date_gmt":"2023-05-01T12:07:21","guid":{"rendered":"http:\/\/electro-strasbourg.eu\/blog\/?p=4784"},"modified":"2023-05-01T14:07:21","modified_gmt":"2023-05-01T12:07:21","slug":"appel-a-oeuvres-electroacoustiques-fime-2023","status":"publish","type":"post","link":"http:\/\/electro-strasbourg.eu\/blog\/2023\/05\/appel-a-oeuvres-electroacoustiques-fime-2023\/","title":{"rendered":"Appel \u00e0 \u0153uvres \u00e9lectroacoustiques &#8211; FIME 2023"},"content":{"rendered":"\n<p><strong>Appel \u00e0 \u0153uvres \u00e9lectroacoustiques pour la 3e \u00e9dition du FIME (Festival International de Musique \u00c9lectroacoustique) \u00e0 Buenos Aires, Argentine<\/strong><\/p>\n\n\n\n<p>Le Festival Internacional de M\u00fasica Electroac\u00fastica (FIME) annonce son appel d&rsquo;\u0153uvres \u00e9lectroacoustiques pour l&rsquo;\u00e9dition 2023 qui se tiendra \u00e0 l&rsquo;ArtHaus Central &#8211; Buenos Aires, Argentine, du 21 au 23 ao\u00fbt 2023.<\/p>\n\n\n\n<hr class=\"wp-block-separator has-alpha-channel-opacity\"\/>\n\n\n\n<p>Voici un appel pour des oeuvres \u00e9lectroacoustiques pour le festival FIME (festival international de musique \u00e9lectroacoustique) A Buenos Aires. D\u00e9sol\u00e9, mais le deadline pour envoyer des oeuvres c\u2019est le 1 mai, donc aujourd\u2019hui. Si vous avec une pi\u00e8ce qui est pr\u00eate, n\u2019h\u00e9sitez pas. Ils acceptent des oeuvres acousmatiques, mixte (temps diff\u00e9r\u00e9) et \u00e9lectroacoustique+vid\u00e9o, cr\u00e9\u00e9es entre 2018 et 2023, 2 \u00e0 8 canaux.<\/p>\n\n\n\n<p>Voici le lien pour le pdf des regl\u00e9mentations :&nbsp;<\/p>\n\n\n\n<p><a href=\"https:\/\/drive.google.com\/file\/d\/1ZfT_w6sFx2u93dT2uZ5vPN6Cqj2s-vVM\/view?fbclid=IwAR3LXoIA9kH9X89q4J_e83-xLSrTYutfYpjMJ-BoycfUbCqtp4qlSOPZOOg\">https:\/\/drive.google.com\/file\/d\/1ZfT_w6sFx2u93dT2uZ5vPN6Cqj2s-vVM\/view?fbclid=IwAR3LXoIA9kH9X89q4J_e83-xLSrTYutfYpjMJ-BoycfUbCqtp4qlSOPZOOg<\/a><\/p>\n\n\n\n<p>et quelques lignes extraits du document :<\/p>\n\n\n\n<p class=\"has-medium-font-size\"><strong>APPLICATION GUIDELINES<\/strong><\/p>\n\n\n\n<p>The call concerns three categories of works:<\/p>\n\n\n\n<ul class=\"wp-block-list\">\n<li>Electroacoustic music (acousmatic).<\/li>\n\n\n\n<li>Mixed music &#8211; for only a performer and electroacoustic music (in audio files, without live interventions.<\/li>\n\n\n\n<li>Electroacoustic music with video.<\/li>\n<\/ul>\n\n\n\n<div class=\"wp-block-group\"><div class=\"wp-block-group__inner-container is-layout-constrained wp-block-group-is-layout-constrained\">\n<p>This call is opened to composers of all nationalities and ages.<br>Works composed between 2018 and 2023 will be received.<br>The duration of the compositions should not exceed 10 minutes.<br>The audio format can be from 2 to 8 channels.<br>The applications will be presented anonymously.<br>No allusion to the identity of the composer must appear in comments, scores, videos, or audio files.<br>The only identification allowed is the title of the work. <br>The languages accepted for the texts are: Spanish, English and French.<br>Each composer may submit one (1) work only.<br>Participation in this call is free. Deadline for submissions is May 1st, 2023.<\/p>\n<\/div><\/div>\n\n\n\n<figure class=\"wp-block-image size-large\"><a href=\"https:\/\/i0.wp.com\/electro-strasbourg.eu\/blog\/wp-content\/uploads\/2023\/05\/Call-FIME-2023--scaled.jpg\"><img data-recalc-dims=\"1\" loading=\"lazy\" decoding=\"async\" width=\"474\" height=\"473\" data-attachment-id=\"4785\" data-permalink=\"http:\/\/electro-strasbourg.eu\/blog\/2023\/05\/appel-a-oeuvres-electroacoustiques-fime-2023\/3d-audio-soundwave-colorful-music-pulse-oscillation-glowing-impulse-pattern\/\" data-orig-file=\"https:\/\/i0.wp.com\/electro-strasbourg.eu\/blog\/wp-content\/uploads\/2023\/05\/Call-FIME-2023--scaled.jpg?fit=2560%2C2553\" data-orig-size=\"2560,2553\" data-comments-opened=\"0\" data-image-meta=\"{&quot;aperture&quot;:&quot;0&quot;,&quot;credit&quot;:&quot;&quot;,&quot;camera&quot;:&quot;&quot;,&quot;caption&quot;:&quot;3d audio soundwave. Colorful music pulse oscillation. Glowing impulse pattern.&quot;,&quot;created_timestamp&quot;:&quot;0&quot;,&quot;copyright&quot;:&quot;&quot;,&quot;focal_length&quot;:&quot;0&quot;,&quot;iso&quot;:&quot;0&quot;,&quot;shutter_speed&quot;:&quot;0&quot;,&quot;title&quot;:&quot;3d audio soundwave. Colorful music pulse oscillation. Glowing impulse pattern&quot;,&quot;orientation&quot;:&quot;1&quot;}\" data-image-title=\"3d audio soundwave. Colorful music pulse oscillation. Glowing impulse pattern\" data-image-description=\"\" data-image-caption=\"&lt;p&gt;3d audio soundwave. Colorful music pulse oscillation. Glowing impulse pattern.&lt;\/p&gt;\n\" data-medium-file=\"https:\/\/i0.wp.com\/electro-strasbourg.eu\/blog\/wp-content\/uploads\/2023\/05\/Call-FIME-2023--scaled.jpg?fit=300%2C300\" data-large-file=\"https:\/\/i0.wp.com\/electro-strasbourg.eu\/blog\/wp-content\/uploads\/2023\/05\/Call-FIME-2023--scaled.jpg?fit=474%2C473\" src=\"https:\/\/i0.wp.com\/electro-strasbourg.eu\/blog\/wp-content\/uploads\/2023\/05\/Call-FIME-2023-.jpg?resize=474%2C473\" alt=\"\" class=\"wp-image-4785\" srcset=\"https:\/\/i0.wp.com\/electro-strasbourg.eu\/blog\/wp-content\/uploads\/2023\/05\/Call-FIME-2023--scaled.jpg?resize=1024%2C1021 1024w, https:\/\/i0.wp.com\/electro-strasbourg.eu\/blog\/wp-content\/uploads\/2023\/05\/Call-FIME-2023--scaled.jpg?resize=300%2C300 300w, https:\/\/i0.wp.com\/electro-strasbourg.eu\/blog\/wp-content\/uploads\/2023\/05\/Call-FIME-2023--scaled.jpg?resize=150%2C150 150w, https:\/\/i0.wp.com\/electro-strasbourg.eu\/blog\/wp-content\/uploads\/2023\/05\/Call-FIME-2023--scaled.jpg?resize=768%2C766 768w, https:\/\/i0.wp.com\/electro-strasbourg.eu\/blog\/wp-content\/uploads\/2023\/05\/Call-FIME-2023--scaled.jpg?resize=1536%2C1532 1536w, https:\/\/i0.wp.com\/electro-strasbourg.eu\/blog\/wp-content\/uploads\/2023\/05\/Call-FIME-2023--scaled.jpg?resize=2048%2C2042 2048w, https:\/\/i0.wp.com\/electro-strasbourg.eu\/blog\/wp-content\/uploads\/2023\/05\/Call-FIME-2023--scaled.jpg?resize=50%2C50 50w, https:\/\/i0.wp.com\/electro-strasbourg.eu\/blog\/wp-content\/uploads\/2023\/05\/Call-FIME-2023--scaled.jpg?w=948 948w, https:\/\/i0.wp.com\/electro-strasbourg.eu\/blog\/wp-content\/uploads\/2023\/05\/Call-FIME-2023--scaled.jpg?w=1422 1422w\" sizes=\"auto, (max-width: 474px) 100vw, 474px\" \/><\/a><\/figure>\n","protected":false},"excerpt":{"rendered":"<p>Appel \u00e0 \u0153uvres \u00e9lectroacoustiques pour la 3e \u00e9dition du FIME (Festival International de Musique \u00c9lectroacoustique) \u00e0 Buenos Aires, Argentine Le Festival Internacional de M\u00fasica Electroac\u00fastica (FIME) annonce son appel d&rsquo;\u0153uvres \u00e9lectroacoustiques pour l&rsquo;\u00e9dition 2023 qui se tiendra \u00e0 l&rsquo;ArtHaus Central &#8211; Buenos Aires, Argentine, du 21 au 23 ao\u00fbt 2023. Voici un appel pour des &hellip; <a href=\"http:\/\/electro-strasbourg.eu\/blog\/2023\/05\/appel-a-oeuvres-electroacoustiques-fime-2023\/\" class=\"more-link\">Continuer la lecture de <span class=\"screen-reader-text\">Appel \u00e0 \u0153uvres \u00e9lectroacoustiques &#8211; FIME 2023<\/span>  <span class=\"meta-nav\">&rarr;<\/span><\/a><\/p>\n","protected":false},"author":1,"featured_media":4786,"comment_status":"closed","ping_status":"closed","sticky":false,"template":"","format":"standard","meta":{"jetpack_post_was_ever_published":false,"_jetpack_newsletter_access":"","_jetpack_dont_email_post_to_subs":false,"_jetpack_newsletter_tier_id":0,"_jetpack_memberships_contains_paywalled_content":false,"_jetpack_memberships_contains_paid_content":false,"footnotes":"","jetpack_publicize_message":"","jetpack_publicize_feature_enabled":true,"jetpack_social_post_already_shared":true,"jetpack_social_options":{"image_generator_settings":{"template":"highway","default_image_id":0,"font":"","enabled":false},"version":2}},"categories":[2,38,26,40],"tags":[49,30,57],"class_list":["post-4784","post","type-post","status-publish","format-standard","has-post-thumbnail","hentry","category-annonces","category-compo","category-concours-appels","category-electro","tag-acousmatique","tag-electroacoustique","tag-mixte"],"jetpack_publicize_connections":[],"jetpack_featured_media_url":"https:\/\/i0.wp.com\/electro-strasbourg.eu\/blog\/wp-content\/uploads\/2023\/05\/Call-FIME-2023-header-scaled-e1682942973830.jpg?fit=1040%2C198","jetpack_shortlink":"https:\/\/wp.me\/p3WkX1-1fa","jetpack_sharing_enabled":true,"_links":{"self":[{"href":"http:\/\/electro-strasbourg.eu\/blog\/wp-json\/wp\/v2\/posts\/4784","targetHints":{"allow":["GET"]}}],"collection":[{"href":"http:\/\/electro-strasbourg.eu\/blog\/wp-json\/wp\/v2\/posts"}],"about":[{"href":"http:\/\/electro-strasbourg.eu\/blog\/wp-json\/wp\/v2\/types\/post"}],"author":[{"embeddable":true,"href":"http:\/\/electro-strasbourg.eu\/blog\/wp-json\/wp\/v2\/users\/1"}],"replies":[{"embeddable":true,"href":"http:\/\/electro-strasbourg.eu\/blog\/wp-json\/wp\/v2\/comments?post=4784"}],"version-history":[{"count":1,"href":"http:\/\/electro-strasbourg.eu\/blog\/wp-json\/wp\/v2\/posts\/4784\/revisions"}],"predecessor-version":[{"id":4787,"href":"http:\/\/electro-strasbourg.eu\/blog\/wp-json\/wp\/v2\/posts\/4784\/revisions\/4787"}],"wp:featuredmedia":[{"embeddable":true,"href":"http:\/\/electro-strasbourg.eu\/blog\/wp-json\/wp\/v2\/media\/4786"}],"wp:attachment":[{"href":"http:\/\/electro-strasbourg.eu\/blog\/wp-json\/wp\/v2\/media?parent=4784"}],"wp:term":[{"taxonomy":"category","embeddable":true,"href":"http:\/\/electro-strasbourg.eu\/blog\/wp-json\/wp\/v2\/categories?post=4784"},{"taxonomy":"post_tag","embeddable":true,"href":"http:\/\/electro-strasbourg.eu\/blog\/wp-json\/wp\/v2\/tags?post=4784"}],"curies":[{"name":"wp","href":"https:\/\/api.w.org\/{rel}","templated":true}]}}