{"id":2173,"date":"2017-10-07T10:52:47","date_gmt":"2017-10-07T08:52:47","guid":{"rendered":"http:\/\/electro-strasbourg.eu\/blog\/?p=2173"},"modified":"2017-10-07T10:52:47","modified_gmt":"2017-10-07T08:52:47","slug":"electroacoustique-1-culture-cours-2","status":"publish","type":"post","link":"http:\/\/electro-strasbourg.eu\/blog\/2017\/10\/electroacoustique-1-culture-cours-2\/","title":{"rendered":"Electroacoustique 1 + culture \u2013 cours 2"},"content":{"rendered":"<p>Suite au 2e cours d&rsquo;\u00e9lectroacoustique 1 + culture (jeudi 5 au matin et vendredi 6 \u00e0 l&rsquo;apr\u00e8s-midi), voici des ressources suppl\u00e9mentaires \u00e0 lire&#8230;<\/p>\n<hr \/>\n<p><strong>1) Livre<\/strong> :<\/p>\n<p><em><strong>Les musiques \u00e9lectroacoustiques<\/strong><\/em>, Michel Chion &amp; Guy Reibel, Ina\/Edisud, Aix-en-Provence, 344 p., illustr\u00e9, 1976<\/p>\n<p><a href=\"http:\/\/electro-strasbourg.eu\/blog\/wp-content\/uploads\/2016\/04\/les_musiques_electroacoustiques.pdf\" target=\"_blank\" rel=\"noopener\">http:\/\/electro-strasbourg.eu\/blog\/wp-content\/uploads\/2016\/04\/les_musiques_electroacoustiques.pdf<\/a><\/p>\n<p><strong>lire<\/strong> :<\/p>\n<p>*<strong><em>Chapitre V : Techniques de R\u00e9alisation<\/em><\/strong>, pp. 203-250<\/p>\n<hr \/>\n<p>2) PDF sur REAPER &#8211; quelques techniques de base :<\/p>\n<p><a href=\"http:\/\/electro-strasbourg.eu\/blog\/wp-content\/uploads\/2017\/10\/memo-reaper-outils.pdf\">memo reaper outils<\/a><\/p>\n<p>&nbsp;<\/p>\n<p>&nbsp;<\/p>\n","protected":false},"excerpt":{"rendered":"<p>Suite au 2e cours d&rsquo;\u00e9lectroacoustique 1 + culture (jeudi 5 au matin et vendredi 6 \u00e0 l&rsquo;apr\u00e8s-midi), voici des ressources suppl\u00e9mentaires \u00e0 lire&#8230; 1) Livre : Les musiques \u00e9lectroacoustiques, Michel Chion &amp; Guy Reibel, Ina\/Edisud, Aix-en-Provence, 344 p., illustr\u00e9, 1976 http:\/\/electro-strasbourg.eu\/blog\/wp-content\/uploads\/2016\/04\/les_musiques_electroacoustiques.pdf lire : *Chapitre V : Techniques de R\u00e9alisation, pp. 203-250 2) PDF sur REAPER &hellip; <a href=\"http:\/\/electro-strasbourg.eu\/blog\/2017\/10\/electroacoustique-1-culture-cours-2\/\" class=\"more-link\">Continuer la lecture de <span class=\"screen-reader-text\">Electroacoustique 1 + culture \u2013 cours 2<\/span>  <span class=\"meta-nav\">&rarr;<\/span><\/a><\/p>\n","protected":false},"author":1,"featured_media":0,"comment_status":"closed","ping_status":"closed","sticky":false,"template":"","format":"standard","meta":{"jetpack_post_was_ever_published":false,"_jetpack_newsletter_access":"","_jetpack_dont_email_post_to_subs":false,"_jetpack_newsletter_tier_id":0,"_jetpack_memberships_contains_paywalled_content":false,"_jetpack_memberships_contains_paid_content":false,"footnotes":"","jetpack_publicize_message":"","jetpack_publicize_feature_enabled":true,"jetpack_social_post_already_shared":true,"jetpack_social_options":{"image_generator_settings":{"template":"highway","default_image_id":0,"font":"","enabled":false},"version":2}},"categories":[40],"tags":[49,30],"class_list":["post-2173","post","type-post","status-publish","format-standard","hentry","category-electro","tag-acousmatique","tag-electroacoustique"],"jetpack_publicize_connections":[],"jetpack_featured_media_url":"","jetpack_shortlink":"https:\/\/wp.me\/p3WkX1-z3","jetpack_sharing_enabled":true,"_links":{"self":[{"href":"http:\/\/electro-strasbourg.eu\/blog\/wp-json\/wp\/v2\/posts\/2173","targetHints":{"allow":["GET"]}}],"collection":[{"href":"http:\/\/electro-strasbourg.eu\/blog\/wp-json\/wp\/v2\/posts"}],"about":[{"href":"http:\/\/electro-strasbourg.eu\/blog\/wp-json\/wp\/v2\/types\/post"}],"author":[{"embeddable":true,"href":"http:\/\/electro-strasbourg.eu\/blog\/wp-json\/wp\/v2\/users\/1"}],"replies":[{"embeddable":true,"href":"http:\/\/electro-strasbourg.eu\/blog\/wp-json\/wp\/v2\/comments?post=2173"}],"version-history":[{"count":1,"href":"http:\/\/electro-strasbourg.eu\/blog\/wp-json\/wp\/v2\/posts\/2173\/revisions"}],"predecessor-version":[{"id":2176,"href":"http:\/\/electro-strasbourg.eu\/blog\/wp-json\/wp\/v2\/posts\/2173\/revisions\/2176"}],"wp:attachment":[{"href":"http:\/\/electro-strasbourg.eu\/blog\/wp-json\/wp\/v2\/media?parent=2173"}],"wp:term":[{"taxonomy":"category","embeddable":true,"href":"http:\/\/electro-strasbourg.eu\/blog\/wp-json\/wp\/v2\/categories?post=2173"},{"taxonomy":"post_tag","embeddable":true,"href":"http:\/\/electro-strasbourg.eu\/blog\/wp-json\/wp\/v2\/tags?post=2173"}],"curies":[{"name":"wp","href":"https:\/\/api.w.org\/{rel}","templated":true}]}}