{"id":212,"date":"2014-02-15T20:58:34","date_gmt":"2014-02-15T19:58:34","guid":{"rendered":"http:\/\/electro-strasbourg.eu\/blog\/?p=212"},"modified":"2016-08-07T19:28:51","modified_gmt":"2016-08-07T17:28:51","slug":"portes-ouvertes-merci","status":"publish","type":"post","link":"http:\/\/electro-strasbourg.eu\/blog\/2014\/02\/portes-ouvertes-merci\/","title":{"rendered":"Portes ouvertes &#8211; merci"},"content":{"rendered":"<p>Merci a tous qui sont pass\u00e9 \u00e0 la salle electro aujourd&rsquo;hui pour le soutient lors des portes ouvertes. Il y avait pas mal de monde pour les deux concerts et on a pass\u00e9 plusieurs pi\u00e8ces \u00e9lectroacoustiques des compositeurs, et une mixte. Nous avons fait quelques exp\u00e9rimentations avec Int\u00e9gra Live et le piano, et fait tourner quelques instruments Karlax. Il y avait parfois autant de monde dans les horaires \u00ab\u00a0cours\/essaies\u00a0\u00bb que pendant les mini concerts.<\/p>\n<p>En tout, un apr\u00e8s-midi sympa et positif.<\/p>\n","protected":false},"excerpt":{"rendered":"<p>Merci a tous qui sont pass\u00e9 \u00e0 la salle electro aujourd&rsquo;hui pour le soutient lors des portes ouvertes. Il y avait pas mal de monde pour les deux concerts et on a pass\u00e9 plusieurs pi\u00e8ces \u00e9lectroacoustiques des compositeurs, et une mixte. Nous avons fait quelques exp\u00e9rimentations avec Int\u00e9gra Live et le piano, et fait tourner &hellip; <a href=\"http:\/\/electro-strasbourg.eu\/blog\/2014\/02\/portes-ouvertes-merci\/\" class=\"more-link\">Continuer la lecture de <span class=\"screen-reader-text\">Portes ouvertes &#8211; merci<\/span>  <span class=\"meta-nav\">&rarr;<\/span><\/a><\/p>\n","protected":false},"author":1,"featured_media":0,"comment_status":"closed","ping_status":"closed","sticky":false,"template":"","format":"standard","meta":{"jetpack_post_was_ever_published":false,"_jetpack_newsletter_access":"","_jetpack_dont_email_post_to_subs":false,"_jetpack_newsletter_tier_id":0,"_jetpack_memberships_contains_paywalled_content":false,"_jetpack_memberships_contains_paid_content":false,"footnotes":"","jetpack_publicize_message":"","jetpack_publicize_feature_enabled":true,"jetpack_social_post_already_shared":true,"jetpack_social_options":{"image_generator_settings":{"template":"highway","default_image_id":0,"font":"","enabled":false},"version":2}},"categories":[2,38,40,42],"tags":[74],"class_list":["post-212","post","type-post","status-publish","format-standard","hentry","category-annonces","category-compo","category-electro","category-instruments","tag-info-cours"],"jetpack_publicize_connections":[],"jetpack_featured_media_url":"","jetpack_shortlink":"https:\/\/wp.me\/p3WkX1-3q","jetpack_sharing_enabled":true,"_links":{"self":[{"href":"http:\/\/electro-strasbourg.eu\/blog\/wp-json\/wp\/v2\/posts\/212","targetHints":{"allow":["GET"]}}],"collection":[{"href":"http:\/\/electro-strasbourg.eu\/blog\/wp-json\/wp\/v2\/posts"}],"about":[{"href":"http:\/\/electro-strasbourg.eu\/blog\/wp-json\/wp\/v2\/types\/post"}],"author":[{"embeddable":true,"href":"http:\/\/electro-strasbourg.eu\/blog\/wp-json\/wp\/v2\/users\/1"}],"replies":[{"embeddable":true,"href":"http:\/\/electro-strasbourg.eu\/blog\/wp-json\/wp\/v2\/comments?post=212"}],"version-history":[{"count":2,"href":"http:\/\/electro-strasbourg.eu\/blog\/wp-json\/wp\/v2\/posts\/212\/revisions"}],"predecessor-version":[{"id":322,"href":"http:\/\/electro-strasbourg.eu\/blog\/wp-json\/wp\/v2\/posts\/212\/revisions\/322"}],"wp:attachment":[{"href":"http:\/\/electro-strasbourg.eu\/blog\/wp-json\/wp\/v2\/media?parent=212"}],"wp:term":[{"taxonomy":"category","embeddable":true,"href":"http:\/\/electro-strasbourg.eu\/blog\/wp-json\/wp\/v2\/categories?post=212"},{"taxonomy":"post_tag","embeddable":true,"href":"http:\/\/electro-strasbourg.eu\/blog\/wp-json\/wp\/v2\/tags?post=212"}],"curies":[{"name":"wp","href":"https:\/\/api.w.org\/{rel}","templated":true}]}}