{"id":2082,"date":"2017-06-20T00:43:40","date_gmt":"2017-06-19T22:43:40","guid":{"rendered":"http:\/\/electro-strasbourg.eu\/blog\/?p=2082"},"modified":"2017-06-20T00:45:34","modified_gmt":"2017-06-19T22:45:34","slug":"adam-stark-et-ensemble-limaginaire-en-repete-au-studio","status":"publish","type":"post","link":"http:\/\/electro-strasbourg.eu\/blog\/2017\/06\/adam-stark-et-ensemble-limaginaire-en-repete-au-studio\/","title":{"rendered":"Ensemble l&rsquo;Imaginaire et Adam Starkie en r\u00e9p\u00e8te au studio"},"content":{"rendered":"<p>Ensemble l&rsquo;Imaginaire r\u00e9p\u00e8te au studio avec Adam Starkie la semaine derni\u00e8re&#8230;<\/p>\n<p><a href=\"https:\/\/i0.wp.com\/electro-strasbourg.eu\/blog\/wp-content\/uploads\/2017\/06\/limaginaire-starke-studio.jpg\"><img data-recalc-dims=\"1\" loading=\"lazy\" decoding=\"async\" data-attachment-id=\"2083\" data-permalink=\"http:\/\/electro-strasbourg.eu\/blog\/2017\/06\/adam-stark-et-ensemble-limaginaire-en-repete-au-studio\/limaginaire-starke-studio\/\" data-orig-file=\"https:\/\/i0.wp.com\/electro-strasbourg.eu\/blog\/wp-content\/uploads\/2017\/06\/limaginaire-starke-studio.jpg?fit=2048%2C1152\" data-orig-size=\"2048,1152\" data-comments-opened=\"0\" data-image-meta=\"{&quot;aperture&quot;:&quot;0&quot;,&quot;credit&quot;:&quot;&quot;,&quot;camera&quot;:&quot;&quot;,&quot;caption&quot;:&quot;&quot;,&quot;created_timestamp&quot;:&quot;0&quot;,&quot;copyright&quot;:&quot;&quot;,&quot;focal_length&quot;:&quot;0&quot;,&quot;iso&quot;:&quot;0&quot;,&quot;shutter_speed&quot;:&quot;0&quot;,&quot;title&quot;:&quot;&quot;,&quot;orientation&quot;:&quot;0&quot;}\" data-image-title=\"limaginaire-starke-studio\" data-image-description=\"\" data-image-caption=\"\" data-medium-file=\"https:\/\/i0.wp.com\/electro-strasbourg.eu\/blog\/wp-content\/uploads\/2017\/06\/limaginaire-starke-studio.jpg?fit=300%2C169\" data-large-file=\"https:\/\/i0.wp.com\/electro-strasbourg.eu\/blog\/wp-content\/uploads\/2017\/06\/limaginaire-starke-studio.jpg?fit=474%2C267\" class=\"alignnone  wp-image-2083\" src=\"https:\/\/i0.wp.com\/electro-strasbourg.eu\/blog\/wp-content\/uploads\/2017\/06\/limaginaire-starke-studio.jpg?resize=474%2C267\" alt=\"\" width=\"474\" height=\"267\" srcset=\"https:\/\/i0.wp.com\/electro-strasbourg.eu\/blog\/wp-content\/uploads\/2017\/06\/limaginaire-starke-studio.jpg?w=2048 2048w, https:\/\/i0.wp.com\/electro-strasbourg.eu\/blog\/wp-content\/uploads\/2017\/06\/limaginaire-starke-studio.jpg?resize=300%2C169 300w, https:\/\/i0.wp.com\/electro-strasbourg.eu\/blog\/wp-content\/uploads\/2017\/06\/limaginaire-starke-studio.jpg?resize=768%2C432 768w, https:\/\/i0.wp.com\/electro-strasbourg.eu\/blog\/wp-content\/uploads\/2017\/06\/limaginaire-starke-studio.jpg?resize=1024%2C576 1024w, https:\/\/i0.wp.com\/electro-strasbourg.eu\/blog\/wp-content\/uploads\/2017\/06\/limaginaire-starke-studio.jpg?w=948 948w, https:\/\/i0.wp.com\/electro-strasbourg.eu\/blog\/wp-content\/uploads\/2017\/06\/limaginaire-starke-studio.jpg?w=1422 1422w\" sizes=\"auto, (max-width: 474px) 100vw, 474px\" \/><\/a><\/p>\n","protected":false},"excerpt":{"rendered":"<p>Ensemble l&rsquo;Imaginaire r\u00e9p\u00e8te au studio avec Adam Starkie la semaine derni\u00e8re&#8230;<\/p>\n","protected":false},"author":1,"featured_media":0,"comment_status":"closed","ping_status":"closed","sticky":false,"template":"","format":"image","meta":{"jetpack_post_was_ever_published":false,"_jetpack_newsletter_access":"","_jetpack_dont_email_post_to_subs":false,"_jetpack_newsletter_tier_id":0,"_jetpack_memberships_contains_paywalled_content":false,"_jetpack_memberships_contains_paid_content":false,"footnotes":"","jetpack_publicize_message":"","jetpack_publicize_feature_enabled":true,"jetpack_social_post_already_shared":true,"jetpack_social_options":{"image_generator_settings":{"template":"highway","default_image_id":0,"font":"","enabled":false},"version":2}},"categories":[64],"tags":[50,57],"class_list":["post-2082","post","type-post","status-publish","format-image","hentry","category-events","tag-live-electronique","tag-mixte","post_format-post-format-image"],"jetpack_publicize_connections":[],"jetpack_featured_media_url":"","jetpack_shortlink":"https:\/\/wp.me\/p3WkX1-xA","jetpack_sharing_enabled":true,"_links":{"self":[{"href":"http:\/\/electro-strasbourg.eu\/blog\/wp-json\/wp\/v2\/posts\/2082","targetHints":{"allow":["GET"]}}],"collection":[{"href":"http:\/\/electro-strasbourg.eu\/blog\/wp-json\/wp\/v2\/posts"}],"about":[{"href":"http:\/\/electro-strasbourg.eu\/blog\/wp-json\/wp\/v2\/types\/post"}],"author":[{"embeddable":true,"href":"http:\/\/electro-strasbourg.eu\/blog\/wp-json\/wp\/v2\/users\/1"}],"replies":[{"embeddable":true,"href":"http:\/\/electro-strasbourg.eu\/blog\/wp-json\/wp\/v2\/comments?post=2082"}],"version-history":[{"count":3,"href":"http:\/\/electro-strasbourg.eu\/blog\/wp-json\/wp\/v2\/posts\/2082\/revisions"}],"predecessor-version":[{"id":2086,"href":"http:\/\/electro-strasbourg.eu\/blog\/wp-json\/wp\/v2\/posts\/2082\/revisions\/2086"}],"wp:attachment":[{"href":"http:\/\/electro-strasbourg.eu\/blog\/wp-json\/wp\/v2\/media?parent=2082"}],"wp:term":[{"taxonomy":"category","embeddable":true,"href":"http:\/\/electro-strasbourg.eu\/blog\/wp-json\/wp\/v2\/categories?post=2082"},{"taxonomy":"post_tag","embeddable":true,"href":"http:\/\/electro-strasbourg.eu\/blog\/wp-json\/wp\/v2\/tags?post=2082"}],"curies":[{"name":"wp","href":"https:\/\/api.w.org\/{rel}","templated":true}]}}