{"id":1950,"date":"2017-05-13T15:08:24","date_gmt":"2017-05-13T13:08:24","guid":{"rendered":"http:\/\/electro-strasbourg.eu\/blog\/?p=1950"},"modified":"2017-06-24T21:41:10","modified_gmt":"2017-06-24T19:41:10","slug":"workshop-geste-instrumental-et-musique-electronique","status":"publish","type":"post","link":"http:\/\/electro-strasbourg.eu\/blog\/2017\/05\/workshop-geste-instrumental-et-musique-electronique\/","title":{"rendered":"Workshop : Geste instrumental et musique \u00e9lectronique"},"content":{"rendered":"<p>Workshop<\/p>\n<p>\u00ab\u00a0Geste instrumental et musique \u00e9lectronique : \u00e9tude de cas\u00a0\u00bb<\/p>\n<p>Workshop propos\u00e9 par Baptiste Bacot, doctorant \u00e0 L&rsquo;\u00c9cole des hautes \u00e9tudes en sciences sociales (EHESS) et \u00e0 l&rsquo;IRCAM, le mardi 30 mai de 14 \u00e0 16 heures, en salle 156, au Conservatoire.<\/p>\n<p>Organis\u00e9 par le GREAM, ouvert aux \u00e9tudiants de cr\u00e9ation \u00e9lectroacoustique.<\/p>\n<p><a href=\"https:\/\/i0.wp.com\/electro-strasbourg.eu\/blog\/wp-content\/uploads\/2017\/05\/BaptisteBacot_IRCAM-s.jpeg\"><img data-recalc-dims=\"1\" loading=\"lazy\" decoding=\"async\" data-attachment-id=\"1951\" data-permalink=\"http:\/\/electro-strasbourg.eu\/blog\/2017\/05\/workshop-geste-instrumental-et-musique-electronique\/baptistebacot_ircam-s\/\" data-orig-file=\"https:\/\/i0.wp.com\/electro-strasbourg.eu\/blog\/wp-content\/uploads\/2017\/05\/BaptisteBacot_IRCAM-s.jpeg?fit=1106%2C721\" data-orig-size=\"1106,721\" data-comments-opened=\"0\" data-image-meta=\"{&quot;aperture&quot;:&quot;1.8&quot;,&quot;credit&quot;:&quot;&quot;,&quot;camera&quot;:&quot;HXR-NX30E&quot;,&quot;caption&quot;:&quot;&quot;,&quot;created_timestamp&quot;:&quot;1433413231&quot;,&quot;copyright&quot;:&quot;&quot;,&quot;focal_length&quot;:&quot;4&quot;,&quot;iso&quot;:&quot;0&quot;,&quot;shutter_speed&quot;:&quot;0.02&quot;,&quot;title&quot;:&quot;&quot;,&quot;orientation&quot;:&quot;1&quot;}\" data-image-title=\"BaptisteBacot_IRCAM-s\" data-image-description=\"\" data-image-caption=\"\" data-medium-file=\"https:\/\/i0.wp.com\/electro-strasbourg.eu\/blog\/wp-content\/uploads\/2017\/05\/BaptisteBacot_IRCAM-s.jpeg?fit=300%2C196\" data-large-file=\"https:\/\/i0.wp.com\/electro-strasbourg.eu\/blog\/wp-content\/uploads\/2017\/05\/BaptisteBacot_IRCAM-s.jpeg?fit=474%2C309\" class=\"alignnone size-full wp-image-1951\" src=\"https:\/\/i0.wp.com\/electro-strasbourg.eu\/blog\/wp-content\/uploads\/2017\/05\/BaptisteBacot_IRCAM-s.jpeg?resize=474%2C309\" alt=\"\" width=\"474\" height=\"309\" srcset=\"https:\/\/i0.wp.com\/electro-strasbourg.eu\/blog\/wp-content\/uploads\/2017\/05\/BaptisteBacot_IRCAM-s.jpeg?w=1106 1106w, https:\/\/i0.wp.com\/electro-strasbourg.eu\/blog\/wp-content\/uploads\/2017\/05\/BaptisteBacot_IRCAM-s.jpeg?resize=300%2C196 300w, https:\/\/i0.wp.com\/electro-strasbourg.eu\/blog\/wp-content\/uploads\/2017\/05\/BaptisteBacot_IRCAM-s.jpeg?resize=768%2C501 768w, https:\/\/i0.wp.com\/electro-strasbourg.eu\/blog\/wp-content\/uploads\/2017\/05\/BaptisteBacot_IRCAM-s.jpeg?resize=1024%2C668 1024w, https:\/\/i0.wp.com\/electro-strasbourg.eu\/blog\/wp-content\/uploads\/2017\/05\/BaptisteBacot_IRCAM-s.jpeg?w=948 948w\" sizes=\"auto, (max-width: 474px) 100vw, 474px\" \/><\/a><\/p>\n<blockquote><p>Au-del\u00e0 des genres eux-m\u00eames, les pratiques de la musique \u00e9lectronique mobilisent une communaut\u00e9 de moyens technologiques qui les relient les unes aux autres. Les antagonismes esth\u00e9tiques, riches de sens, ainsi que le partage des proc\u00e9d\u00e9s de g\u00e9n\u00e9ration et de traitement du son permettent de d\u00e9ployer une analyse comparative des moyens utilis\u00e9s, des strat\u00e9gies d\u2019appropriation instrumentales et logicielles et des processus de cr\u00e9ation musicale. Je commenterai la pratique de Robert Henke, Brain Damage, Pierre Jodlowski et Jesper Nordin. Leurs pratiques couvrent respectivement les m\u00e9ta-genres de la performance audiovisuelle, de la musique populaire de danse et de la musique savante avec \u00e9lectronique pour les deux derniers.<\/p>\n<p>Le mapping \u2013 l\u2019association d\u2019un geste au contr\u00f4le de param\u00e8tres sonores \u2013 est un \u00e9l\u00e9ment central des interactions technologiques : il conditionne non seulement les possibilit\u00e9s du jeu musical mais aussi la repr\u00e9sentation des corps musiciens sur sc\u00e8ne. Questionner ces deux aspects des pratiques de la musique \u00e9lectronique ouvre de nouvelles perspectives quant aux m\u00e9thodes d\u2019analyses du geste musical dans de tels contextes.<\/p><\/blockquote>\n<p>Baptiste Bacot est doctorant contractuel (2013-2016) \u00e0 l\u2019EHESS (CAMS) et d\u00e9tach\u00e9 dans l\u2019\u00e9quipe APM (IRCAM). Il travaille sur la musique \u00e9lectronique selon une approche ethnographique visant \u00e0 circonscrire les rapports entre les corps musiciens, les instruments \u00e9lectroniques et l\u2019impact de la technologie sur les mani\u00e8res de produire, de concevoir et d\u2019ex\u00e9cuter la musique. L\u2019analyse situ\u00e9e du processus de cr\u00e9ation musicale dans des esth\u00e9tiques vari\u00e9es (musique populaire de danse, musique \u00e9lectroacoustique, performance audiovisuelle), reli\u00e9es entre elles par le partage des m\u00eames outils technologiques, permet de poser les fondations d\u2019une organologie gestuelle des instruments \u00e9lectroniques. Le titre provisoire de sa th\u00e8se est \u00ab Une organologie des pratiques de la musique \u00e9lectronique. Instrumentalit\u00e9, cr\u00e9ation et repr\u00e9sentation. \u00bb<\/p>\n<hr \/>\n<p>Apr\u00e8s le workshop, il y aura une conf\u00e9rence ouverte \u00e0 tous :<\/p>\n<p>\u00ab\u00a0Corps, instrumentalit\u00e9 et musique \u00e9lectronique\u00a0\u00bb<\/p>\n<p>propos\u00e9e par Baptiste Bacot le 30 mai, de 17h30 \u00e0 19 heures, en salle 18 au Portique.<\/p>\n<blockquote><p>L\u2019instrument de musique est un param\u00e8tre d\u00e9terminant des pratiques musicales. Son \u00e9largissement notable, du fait de l\u2019int\u00e9gration progressive de la technologie a contribu\u00e9 \u00e0 l\u2019\u00e9mergence de nouveaux genres musicaux \u00e0 partir de la fin des ann\u00e9es 1960, tout en rendant floue la notion m\u00eame d\u2019instrumentalit\u00e9. L\u2019automation perturbe en effet la compr\u00e9hension du rapport traditionnel entre le geste d\u2019excitation et la production des sons. Cette reconfiguration de la cha\u00eene causale de la production des sons am\u00e8ne l\u00e9gitimement \u00e0 se demander en quoi consiste concr\u00e8tement le travail des musiciens ayant recours aux technologies musicales.<\/p>\n<p>Aborder l\u2019organologie \u00e9largie de la musique \u00e9lectronique par la notion de geste et la nature technologique des configurations instrumentales permet de d\u00e9passer les positions th\u00e9oriques qui restreignent l\u2019instrumentalit\u00e9 aux pratiques acoustiques. Cette d\u00e9marche, fond\u00e9e sur une ethnographie de la musique \u00e9lectronique autorise \u00e9galement une r\u00e9\u00e9valuation contextuelle des machines et logiciels employ\u00e9s par les musiciens, et donne lieu \u00e0 un questionnement portant tout \u00e0 la fois sur la cr\u00e9ation musicale en contexte technologique, sur les strat\u00e9gies de cr\u00e9ation et d\u2019appropriation instrumentales et enfin, sur la repr\u00e9sentation des corps musiciens en situation de concert.<\/p><\/blockquote>\n","protected":false},"excerpt":{"rendered":"<p>Workshop \u00ab\u00a0Geste instrumental et musique \u00e9lectronique : \u00e9tude de cas\u00a0\u00bb Workshop propos\u00e9 par Baptiste Bacot, doctorant \u00e0 L&rsquo;\u00c9cole des hautes \u00e9tudes en sciences sociales (EHESS) et \u00e0 l&rsquo;IRCAM, le mardi 30 mai de 14 \u00e0 16 heures, en salle 156, au Conservatoire. Organis\u00e9 par le GREAM, ouvert aux \u00e9tudiants de cr\u00e9ation \u00e9lectroacoustique. Au-del\u00e0 des genres &hellip; <a href=\"http:\/\/electro-strasbourg.eu\/blog\/2017\/05\/workshop-geste-instrumental-et-musique-electronique\/\" class=\"more-link\">Continuer la lecture de <span class=\"screen-reader-text\">Workshop : Geste instrumental et musique \u00e9lectronique<\/span>  <span class=\"meta-nav\">&rarr;<\/span><\/a><\/p>\n","protected":false},"author":1,"featured_media":0,"comment_status":"closed","ping_status":"closed","sticky":false,"template":"","format":"standard","meta":{"jetpack_post_was_ever_published":false,"_jetpack_newsletter_access":"","_jetpack_dont_email_post_to_subs":false,"_jetpack_newsletter_tier_id":0,"_jetpack_memberships_contains_paywalled_content":false,"_jetpack_memberships_contains_paid_content":false,"footnotes":"","jetpack_publicize_message":"","jetpack_publicize_feature_enabled":true,"jetpack_social_post_already_shared":true,"jetpack_social_options":{"image_generator_settings":{"template":"highway","default_image_id":0,"font":"","enabled":false},"version":2}},"categories":[2,38,40],"tags":[30,165,43],"class_list":["post-1950","post","type-post","status-publish","format-standard","hentry","category-annonces","category-compo","category-electro","tag-electroacoustique","tag-geste","tag-lutherie-electronique"],"jetpack_publicize_connections":[],"jetpack_featured_media_url":"","jetpack_shortlink":"https:\/\/wp.me\/p3WkX1-vs","jetpack_sharing_enabled":true,"_links":{"self":[{"href":"http:\/\/electro-strasbourg.eu\/blog\/wp-json\/wp\/v2\/posts\/1950","targetHints":{"allow":["GET"]}}],"collection":[{"href":"http:\/\/electro-strasbourg.eu\/blog\/wp-json\/wp\/v2\/posts"}],"about":[{"href":"http:\/\/electro-strasbourg.eu\/blog\/wp-json\/wp\/v2\/types\/post"}],"author":[{"embeddable":true,"href":"http:\/\/electro-strasbourg.eu\/blog\/wp-json\/wp\/v2\/users\/1"}],"replies":[{"embeddable":true,"href":"http:\/\/electro-strasbourg.eu\/blog\/wp-json\/wp\/v2\/comments?post=1950"}],"version-history":[{"count":6,"href":"http:\/\/electro-strasbourg.eu\/blog\/wp-json\/wp\/v2\/posts\/1950\/revisions"}],"predecessor-version":[{"id":2004,"href":"http:\/\/electro-strasbourg.eu\/blog\/wp-json\/wp\/v2\/posts\/1950\/revisions\/2004"}],"wp:attachment":[{"href":"http:\/\/electro-strasbourg.eu\/blog\/wp-json\/wp\/v2\/media?parent=1950"}],"wp:term":[{"taxonomy":"category","embeddable":true,"href":"http:\/\/electro-strasbourg.eu\/blog\/wp-json\/wp\/v2\/categories?post=1950"},{"taxonomy":"post_tag","embeddable":true,"href":"http:\/\/electro-strasbourg.eu\/blog\/wp-json\/wp\/v2\/tags?post=1950"}],"curies":[{"name":"wp","href":"https:\/\/api.w.org\/{rel}","templated":true}]}}