{"id":1936,"date":"2017-04-25T13:10:45","date_gmt":"2017-04-25T11:10:45","guid":{"rendered":"http:\/\/electro-strasbourg.eu\/blog\/?p=1936"},"modified":"2017-04-25T13:17:33","modified_gmt":"2017-04-25T11:17:33","slug":"master-class-richard-hermann-compositeur","status":"publish","type":"post","link":"http:\/\/electro-strasbourg.eu\/blog\/2017\/04\/master-class-richard-hermann-compositeur\/","title":{"rendered":"Master class Richard Hermann &#8211; compositeur"},"content":{"rendered":"<p>Master class Richard Hermann &#8211; compositeur<\/p>\n<p>Richard HERMANN, compositeur am\u00e9ricain, prof. de musique \u00e0 l&rsquo;universit\u00e9 de New Mexico donnera un master classe de composition<br \/>\nJeudi 11 mai 9h-11h en salle 156, ouvert aux \u00e9tudiants du CRR &#8211; HEAR et en partenariat avec le GREAM &#8211; Universit\u00e9 de Strasbourg.<\/p>\n<p><a href=\"https:\/\/i0.wp.com\/electro-strasbourg.eu\/blog\/wp-content\/uploads\/2017\/04\/2017-05-11-MC-Hermann.jpg\"><img data-recalc-dims=\"1\" loading=\"lazy\" decoding=\"async\" data-attachment-id=\"1937\" data-permalink=\"http:\/\/electro-strasbourg.eu\/blog\/2017\/04\/master-class-richard-hermann-compositeur\/2017-05-11-mc-hermann\/\" data-orig-file=\"https:\/\/i0.wp.com\/electro-strasbourg.eu\/blog\/wp-content\/uploads\/2017\/04\/2017-05-11-MC-Hermann.jpg?fit=818%2C1157\" data-orig-size=\"818,1157\" data-comments-opened=\"0\" data-image-meta=\"{&quot;aperture&quot;:&quot;0&quot;,&quot;credit&quot;:&quot;&quot;,&quot;camera&quot;:&quot;&quot;,&quot;caption&quot;:&quot;&quot;,&quot;created_timestamp&quot;:&quot;0&quot;,&quot;copyright&quot;:&quot;&quot;,&quot;focal_length&quot;:&quot;0&quot;,&quot;iso&quot;:&quot;0&quot;,&quot;shutter_speed&quot;:&quot;0&quot;,&quot;title&quot;:&quot;&quot;,&quot;orientation&quot;:&quot;1&quot;}\" data-image-title=\"2017-05-11 MC Hermann\" data-image-description=\"\" data-image-caption=\"\" data-medium-file=\"https:\/\/i0.wp.com\/electro-strasbourg.eu\/blog\/wp-content\/uploads\/2017\/04\/2017-05-11-MC-Hermann.jpg?fit=212%2C300\" data-large-file=\"https:\/\/i0.wp.com\/electro-strasbourg.eu\/blog\/wp-content\/uploads\/2017\/04\/2017-05-11-MC-Hermann.jpg?fit=474%2C670\" class=\"alignnone size-full wp-image-1937\" src=\"https:\/\/i0.wp.com\/electro-strasbourg.eu\/blog\/wp-content\/uploads\/2017\/04\/2017-05-11-MC-Hermann.jpg?resize=474%2C670\" alt=\"\" width=\"474\" height=\"670\" srcset=\"https:\/\/i0.wp.com\/electro-strasbourg.eu\/blog\/wp-content\/uploads\/2017\/04\/2017-05-11-MC-Hermann.jpg?w=818 818w, https:\/\/i0.wp.com\/electro-strasbourg.eu\/blog\/wp-content\/uploads\/2017\/04\/2017-05-11-MC-Hermann.jpg?resize=212%2C300 212w, https:\/\/i0.wp.com\/electro-strasbourg.eu\/blog\/wp-content\/uploads\/2017\/04\/2017-05-11-MC-Hermann.jpg?resize=768%2C1086 768w, https:\/\/i0.wp.com\/electro-strasbourg.eu\/blog\/wp-content\/uploads\/2017\/04\/2017-05-11-MC-Hermann.jpg?resize=724%2C1024 724w\" sizes=\"auto, (max-width: 474px) 100vw, 474px\" \/><\/a><\/p>\n","protected":false},"excerpt":{"rendered":"<p>Master class Richard Hermann &#8211; compositeur Richard HERMANN, compositeur am\u00e9ricain, prof. de musique \u00e0 l&rsquo;universit\u00e9 de New Mexico donnera un master classe de composition Jeudi 11 mai 9h-11h en salle 156, ouvert aux \u00e9tudiants du CRR &#8211; HEAR et en partenariat avec le GREAM &#8211; Universit\u00e9 de Strasbourg.<\/p>\n","protected":false},"author":1,"featured_media":0,"comment_status":"closed","ping_status":"closed","sticky":false,"template":"","format":"standard","meta":{"jetpack_post_was_ever_published":false,"_jetpack_newsletter_access":"","_jetpack_dont_email_post_to_subs":false,"_jetpack_newsletter_tier_id":0,"_jetpack_memberships_contains_paywalled_content":false,"_jetpack_memberships_contains_paid_content":false,"footnotes":"","jetpack_publicize_message":"","jetpack_publicize_feature_enabled":true,"jetpack_social_post_already_shared":true,"jetpack_social_options":{"image_generator_settings":{"template":"highway","default_image_id":0,"font":"","enabled":false},"version":2}},"categories":[2,38,40],"tags":[28],"class_list":["post-1936","post","type-post","status-publish","format-standard","hentry","category-annonces","category-compo","category-electro","tag-composition"],"jetpack_publicize_connections":[],"jetpack_featured_media_url":"","jetpack_shortlink":"https:\/\/wp.me\/p3WkX1-ve","jetpack_sharing_enabled":true,"_links":{"self":[{"href":"http:\/\/electro-strasbourg.eu\/blog\/wp-json\/wp\/v2\/posts\/1936","targetHints":{"allow":["GET"]}}],"collection":[{"href":"http:\/\/electro-strasbourg.eu\/blog\/wp-json\/wp\/v2\/posts"}],"about":[{"href":"http:\/\/electro-strasbourg.eu\/blog\/wp-json\/wp\/v2\/types\/post"}],"author":[{"embeddable":true,"href":"http:\/\/electro-strasbourg.eu\/blog\/wp-json\/wp\/v2\/users\/1"}],"replies":[{"embeddable":true,"href":"http:\/\/electro-strasbourg.eu\/blog\/wp-json\/wp\/v2\/comments?post=1936"}],"version-history":[{"count":2,"href":"http:\/\/electro-strasbourg.eu\/blog\/wp-json\/wp\/v2\/posts\/1936\/revisions"}],"predecessor-version":[{"id":1939,"href":"http:\/\/electro-strasbourg.eu\/blog\/wp-json\/wp\/v2\/posts\/1936\/revisions\/1939"}],"wp:attachment":[{"href":"http:\/\/electro-strasbourg.eu\/blog\/wp-json\/wp\/v2\/media?parent=1936"}],"wp:term":[{"taxonomy":"category","embeddable":true,"href":"http:\/\/electro-strasbourg.eu\/blog\/wp-json\/wp\/v2\/categories?post=1936"},{"taxonomy":"post_tag","embeddable":true,"href":"http:\/\/electro-strasbourg.eu\/blog\/wp-json\/wp\/v2\/tags?post=1936"}],"curies":[{"name":"wp","href":"https:\/\/api.w.org\/{rel}","templated":true}]}}