{"id":140,"date":"2014-01-13T23:55:18","date_gmt":"2014-01-13T22:55:18","guid":{"rendered":"http:\/\/electro-strasbourg.eu\/blog\/?p=140"},"modified":"2016-08-07T19:30:00","modified_gmt":"2016-08-07T17:30:00","slug":"mixte-6e-sem-info-premier-cours","status":"publish","type":"post","link":"http:\/\/electro-strasbourg.eu\/blog\/2014\/01\/mixte-6e-sem-info-premier-cours\/","title":{"rendered":"[mixte 6e sem] info premier cours"},"content":{"rendered":"<p>(note ajout\u00e9e 25 avril 14 : consignes de projet de fin de semestre avaient\u00a0\u00e9t\u00e9 modifi\u00e9s &#8211; une r\u00e9alisation temps r\u00e9el d&rsquo;une partition ou extrait de partition existante, ou d&rsquo;une cr\u00e9ation personnelle, jou\u00e9 sur votre instrument, trait\u00e9 par Integra Live. Dur\u00e9e 2 \u00e0 5 minutes.)<\/p>\n<p>Voici des informations du premier cours de \u201cmusique mixte 6e semestre\u201d de ce jeudi\/vendredi pass\u00e9.<\/p>\n<p>Je vous rappel que pour fin mars, vous devez tous pr\u00e9senter\/jouer<\/p>\n<p style=\"padding-left: 30px;\">soit :<\/p>\n<ul>\n<li>une courte pi\u00e8ce ou un extrait de pi\u00e8ce mixte du r\u00e9pertoire incluant du traitement temps r\u00e9el<\/li>\n<\/ul>\n<p style=\"padding-left: 30px;\">soit, en option:<\/p>\n<ul>\n<li>\u2022 une cr\u00e9ation personnelle (\u00e9crite ou improvis\u00e9e) avec votre propre dispositif temps r\u00e9el<\/li>\n<\/ul>\n<p>Dans les 2 cas, la dur\u00e9e devrait \u00eatre environ entre 4 et 6 minutes.<\/p>\n<p>Durant le semestre, vous allez \u00e9galement r\u00e9aliser quelques petits exercices et travaux que je vous donnerai.<\/p>\n<p>\u2014<\/p>\n<p>En cours jeudu\/vendredi, nous avons fait une br\u00e8ve historique de la musique \u00e9lectroacoustique et mixte, en survolant un d\u00e9but de connaissances th\u00e9oriques autour de l\u2019\u00e9lectroacoustique et l\u2019informatique musicale.<\/p>\n<p>Sinon, il y a deux choses \u00e0 faire pour la semaine prochaine:<\/p>\n<ol>\n<li>Ecouter quelques pi\u00e8ces \u201chistorique\u201d que je vous listerai dans l&rsquo;article suivant.<\/li>\n<li>Faites des recherches pour trouver des pi\u00e8ces mixtes pour votre instrument, pour mieux conna\u00eetre le r\u00e9pertoire, et pour commencer \u00e0 en choisir une \u00e0 travailler en pour ce cours.<\/li>\n<\/ol>\n<p>Pour les recherches, 3 sites tr\u00e8s importantes pour trouver des documents autour de la musique contemporaine sont:<br \/>\nLa m\u00e9diath\u00e8que de l\u2019Ircam: <a href=\"http:\/\/ressources.ircam.fr\" target=\"_blank\">http:\/\/ressources.ircam.fr<\/a><br \/>\nLe Portail de la musique contemporaine: <a href=\"http:\/\/www.musiquecontemporaine.fr\" target=\"_blank\">http:\/\/www.musiquecontemporaine.fr<\/a><br \/>\nLe Centre de Documentation de la Musique Contemporaine: <a href=\"http:\/\/www.cdmc.asso.fr\" target=\"_blank\">http:\/\/www.cdmc.asso.fr<\/a><\/p>\n<p>Pour le site de l\u2019Ircam, cliquer sur RECHERCHE AVANC\u00c9E et non pas sur Catalogue. Je ne sais pas pourquoi, mais Recherche Avanc\u00e9e donne plus de r\u00e9ponses.<br \/>\nTaper dans \u201ctexte Integral\u201d : votreinstrument \u00e9lectronique<br \/>\nou<br \/>\nvotreinstrument dispositif<br \/>\npour<br \/>\ndispositif \u00e9lectronique<br \/>\ndispositif \u00e9lectronique temps r\u00e9el<br \/>\ndispositif \u00e9lectroacoustique<\/p>\n<p>vous pouvez aussi essayer<br \/>\nvotreinstrument tape<\/p>\n<p>Pour le Le Portail de la musique contemporaine, aller dans Recherche Rapide suffit. Faites les m\u00eames recherches que sur l\u2019Ircam.<\/p>\n<p>Pour le CDMC, aller dans le menu Ressources \/ Catalogue, puis \u201cInterroger le catalogue\u201d sur la gauche.<\/p>\n<p>&#8212;<\/p>\n<p>voir article suivant pour les pi\u00e8ces \u00e0 \u00e9couter&#8230;<\/p>\n","protected":false},"excerpt":{"rendered":"<p>(note ajout\u00e9e 25 avril 14 : consignes de projet de fin de semestre avaient\u00a0\u00e9t\u00e9 modifi\u00e9s &#8211; une r\u00e9alisation temps r\u00e9el d&rsquo;une partition ou extrait de partition existante, ou d&rsquo;une cr\u00e9ation personnelle, jou\u00e9 sur votre instrument, trait\u00e9 par Integra Live. Dur\u00e9e 2 \u00e0 5 minutes.) Voici des informations du premier cours de \u201cmusique mixte 6e semestre\u201d &hellip; <a href=\"http:\/\/electro-strasbourg.eu\/blog\/2014\/01\/mixte-6e-sem-info-premier-cours\/\" class=\"more-link\">Continuer la lecture de <span class=\"screen-reader-text\">[mixte 6e sem] info premier cours<\/span>  <span class=\"meta-nav\">&rarr;<\/span><\/a><\/p>\n","protected":false},"author":1,"featured_media":0,"comment_status":"closed","ping_status":"closed","sticky":false,"template":"","format":"standard","meta":{"jetpack_post_was_ever_published":false,"_jetpack_newsletter_access":"","_jetpack_dont_email_post_to_subs":false,"_jetpack_newsletter_tier_id":0,"_jetpack_memberships_contains_paywalled_content":false,"_jetpack_memberships_contains_paid_content":false,"footnotes":"","jetpack_publicize_message":"","jetpack_publicize_feature_enabled":true,"jetpack_social_post_already_shared":true,"jetpack_social_options":{"image_generator_settings":{"template":"highway","default_image_id":0,"font":"","enabled":false},"version":2}},"categories":[42],"tags":[74],"class_list":["post-140","post","type-post","status-publish","format-standard","hentry","category-instruments","tag-info-cours"],"jetpack_publicize_connections":[],"jetpack_featured_media_url":"","jetpack_shortlink":"https:\/\/wp.me\/p3WkX1-2g","jetpack_sharing_enabled":true,"_links":{"self":[{"href":"http:\/\/electro-strasbourg.eu\/blog\/wp-json\/wp\/v2\/posts\/140","targetHints":{"allow":["GET"]}}],"collection":[{"href":"http:\/\/electro-strasbourg.eu\/blog\/wp-json\/wp\/v2\/posts"}],"about":[{"href":"http:\/\/electro-strasbourg.eu\/blog\/wp-json\/wp\/v2\/types\/post"}],"author":[{"embeddable":true,"href":"http:\/\/electro-strasbourg.eu\/blog\/wp-json\/wp\/v2\/users\/1"}],"replies":[{"embeddable":true,"href":"http:\/\/electro-strasbourg.eu\/blog\/wp-json\/wp\/v2\/comments?post=140"}],"version-history":[{"count":3,"href":"http:\/\/electro-strasbourg.eu\/blog\/wp-json\/wp\/v2\/posts\/140\/revisions"}],"predecessor-version":[{"id":343,"href":"http:\/\/electro-strasbourg.eu\/blog\/wp-json\/wp\/v2\/posts\/140\/revisions\/343"}],"wp:attachment":[{"href":"http:\/\/electro-strasbourg.eu\/blog\/wp-json\/wp\/v2\/media?parent=140"}],"wp:term":[{"taxonomy":"category","embeddable":true,"href":"http:\/\/electro-strasbourg.eu\/blog\/wp-json\/wp\/v2\/categories?post=140"},{"taxonomy":"post_tag","embeddable":true,"href":"http:\/\/electro-strasbourg.eu\/blog\/wp-json\/wp\/v2\/tags?post=140"}],"curies":[{"name":"wp","href":"https:\/\/api.w.org\/{rel}","templated":true}]}}