{"id":117,"date":"2013-11-03T18:28:21","date_gmt":"2013-11-03T17:28:21","guid":{"rendered":"http:\/\/electro-strasbourg.eu\/blog\/?p=117"},"modified":"2016-08-07T19:31:17","modified_gmt":"2016-08-07T17:31:17","slug":"electro-l1init-1er-projet-a-realiser","status":"publish","type":"post","link":"http:\/\/electro-strasbourg.eu\/blog\/2013\/11\/electro-l1init-1er-projet-a-realiser\/","title":{"rendered":"[electro-L1&#038;init] 1er projet \u00e0 r\u00e9aliser"},"content":{"rendered":"<p>Il faut r\u00e9aliser une petite pi\u00e8ce de pas moins de 2 minutes et pas plus de 5 minutes pour avant no\u00ebl.<\/p>\n<ul>\n<li>Enregistrer vos propres sons, en \u201cstudio\u201d ou \u00e0 l\u2019ext\u00e9rieur si vous avez des \u00e9quipements. La qualit\u00e9 des prises du son est TRES importante.<\/li>\n<li>Faites un montage musicale, avec des traitements si vous le souhaitez, en pensant \u00e0 la morphologie, l\u2019enchainement et la superposition des sons. N\u2019utiliser aucun \u201cson d\u2019usine\u201d. Essayer d\u2019utiliser la \u201cmusicalit\u00e9\u201d et les \u201crythmes internes\u201d inh\u00e9rents dans les sons que vous avez enregistr\u00e9s. Attention aux sons anecdotiques.<\/li>\n<\/ul>\n<p>N\u2019attendez pas la derni\u00e8re minute. Nous avons plusieurs semaines pour \u00e9couter l\u2019\u00e9volution des projets en cours. Pour que les projets \u201c\u00e9voluent\u201d il faut les commencer\u2026<\/p>\n<ul>\n<li>\u00e9coute des pi\u00e8ces en cours et rendu le vendredi 20 d\u00e9cembre. Rendu des pi\u00e8ces en fichier son 44.1k ou 48k, 24 bits, aiff ou wave.<\/li>\n<\/ul>\n<p>&nbsp;<\/p>\n<p>&nbsp;<\/p>\n","protected":false},"excerpt":{"rendered":"<p>Il faut r\u00e9aliser une petite pi\u00e8ce de pas moins de 2 minutes et pas plus de 5 minutes pour avant no\u00ebl. Enregistrer vos propres sons, en \u201cstudio\u201d ou \u00e0 l\u2019ext\u00e9rieur si vous avez des \u00e9quipements. La qualit\u00e9 des prises du son est TRES importante. Faites un montage musicale, avec des traitements si vous le souhaitez, &hellip; <a href=\"http:\/\/electro-strasbourg.eu\/blog\/2013\/11\/electro-l1init-1er-projet-a-realiser\/\" class=\"more-link\">Continuer la lecture de <span class=\"screen-reader-text\">[electro-L1&#038;init] 1er projet \u00e0 r\u00e9aliser<\/span>  <span class=\"meta-nav\">&rarr;<\/span><\/a><\/p>\n","protected":false},"author":1,"featured_media":0,"comment_status":"closed","ping_status":"closed","sticky":false,"template":"","format":"standard","meta":{"jetpack_post_was_ever_published":false,"_jetpack_newsletter_access":"","_jetpack_dont_email_post_to_subs":false,"_jetpack_newsletter_tier_id":0,"_jetpack_memberships_contains_paywalled_content":false,"_jetpack_memberships_contains_paid_content":false,"footnotes":"","jetpack_publicize_message":"","jetpack_publicize_feature_enabled":true,"jetpack_social_post_already_shared":true,"jetpack_social_options":{"image_generator_settings":{"template":"highway","default_image_id":0,"font":"","enabled":false},"version":2}},"categories":[2,38,40],"tags":[74],"class_list":["post-117","post","type-post","status-publish","format-standard","hentry","category-annonces","category-compo","category-electro","tag-info-cours"],"jetpack_publicize_connections":[],"jetpack_featured_media_url":"","jetpack_shortlink":"https:\/\/wp.me\/p3WkX1-1T","jetpack_sharing_enabled":true,"_links":{"self":[{"href":"http:\/\/electro-strasbourg.eu\/blog\/wp-json\/wp\/v2\/posts\/117","targetHints":{"allow":["GET"]}}],"collection":[{"href":"http:\/\/electro-strasbourg.eu\/blog\/wp-json\/wp\/v2\/posts"}],"about":[{"href":"http:\/\/electro-strasbourg.eu\/blog\/wp-json\/wp\/v2\/types\/post"}],"author":[{"embeddable":true,"href":"http:\/\/electro-strasbourg.eu\/blog\/wp-json\/wp\/v2\/users\/1"}],"replies":[{"embeddable":true,"href":"http:\/\/electro-strasbourg.eu\/blog\/wp-json\/wp\/v2\/comments?post=117"}],"version-history":[{"count":1,"href":"http:\/\/electro-strasbourg.eu\/blog\/wp-json\/wp\/v2\/posts\/117\/revisions"}],"predecessor-version":[{"id":118,"href":"http:\/\/electro-strasbourg.eu\/blog\/wp-json\/wp\/v2\/posts\/117\/revisions\/118"}],"wp:attachment":[{"href":"http:\/\/electro-strasbourg.eu\/blog\/wp-json\/wp\/v2\/media?parent=117"}],"wp:term":[{"taxonomy":"category","embeddable":true,"href":"http:\/\/electro-strasbourg.eu\/blog\/wp-json\/wp\/v2\/categories?post=117"},{"taxonomy":"post_tag","embeddable":true,"href":"http:\/\/electro-strasbourg.eu\/blog\/wp-json\/wp\/v2\/tags?post=117"}],"curies":[{"name":"wp","href":"https:\/\/api.w.org\/{rel}","templated":true}]}}